{"id":167962,"date":"2020-05-07T09:31:37","date_gmt":"2020-05-07T12:31:37","guid":{"rendered":"https:\/\/www.caririemacao.com\/1\/?p=167962"},"modified":"2020-05-07T09:59:49","modified_gmt":"2020-05-07T12:59:49","slug":"secretaria-de-saude-de-amparo-entrega-mascaras-aos-beneficiarios-do-programa-leite-de-cabra-e-nos-comercios","status":"publish","type":"post","link":"https:\/\/www.caririemacao.com\/1\/2020\/05\/07\/secretaria-de-saude-de-amparo-entrega-mascaras-aos-beneficiarios-do-programa-leite-de-cabra-e-nos-comercios\/","title":{"rendered":"Secretaria de Sa\u00fade de Amparo entrega m\u00e1scaras aos Benefici\u00e1rios do Programa Leite de Cabra e nos com\u00e9rcios"},"content":{"rendered":"\n<figure class=\"wp-block-image\"><img decoding=\"async\" data-src=\"https:\/\/1.bp.blogspot.com\/-zuQESObztB4\/XrMXYuOTRFI\/AAAAAAABMiw\/qc26fvYQkIMnpGpyXLLGL9FeE4uMVV3xACLcBGAsYHQ\/s640\/AMPAROCONTRAOCORONAVIRUS.png\" alt=\"\" src=\"data:image\/svg+xml;base64,PHN2ZyB3aWR0aD0iMSIgaGVpZ2h0PSIxIiB4bWxucz0iaHR0cDovL3d3dy53My5vcmcvMjAwMC9zdmciPjwvc3ZnPg==\" class=\"lazyload\" \/><\/figure>\n\n\n\n<p><a href=\"https:\/\/1.bp.blogspot.com\/-zuQESObztB4\/XrMXYuOTRFI\/AAAAAAABMiw\/qc26fvYQkIMnpGpyXLLGL9FeE4uMVV3xACLcBGAsYHQ\/s1600\/AMPAROCONTRAOCORONAVIRUS.png\"><\/a>A Secretaria de Sa\u00fade de Amparo junto com a equipe da Vigil\u00e2ncia Sanit\u00e1ria estiveram fazendo, na manh\u00e3 da \u00faltima quarta-feira, 06, a distribui\u00e7\u00e3o de m\u00e1scaras para os cidad\u00e3os que estavam nos com\u00e9rcios. A Secret\u00e1ria tamb\u00e9m orientou a popula\u00e7\u00e3o para que s\u00f3 saia de casa se for por necessidade, para evitar a contamina\u00e7\u00e3o do COVID-19.<\/p>\n\n\n\n<p><br>As m\u00e1scaras tamb\u00e9m foram distribu\u00eddas para os usu\u00e1rios do Bolsa Fam\u00edlia que recebem o Leite de Cabra no CRAS.<\/p>\n\n\n\n<figure class=\"wp-block-image\"><a href=\"https:\/\/1.bp.blogspot.com\/-SYqXqYc3PIw\/XrMXmxXeXHI\/AAAAAAABMi0\/qdcJs1HE2PgS81eLz9167b4UNqDxMhzmACLcBGAsYHQ\/s1600\/Amparo%2BLigado%2B2020%2B%252849%2529.JPG\"><img decoding=\"async\" data-src=\"https:\/\/1.bp.blogspot.com\/-SYqXqYc3PIw\/XrMXmxXeXHI\/AAAAAAABMi0\/qdcJs1HE2PgS81eLz9167b4UNqDxMhzmACLcBGAsYHQ\/s640\/Amparo%2BLigado%2B2020%2B%252849%2529.JPG\" alt=\"\" src=\"data:image\/svg+xml;base64,PHN2ZyB3aWR0aD0iMSIgaGVpZ2h0PSIxIiB4bWxucz0iaHR0cDovL3d3dy53My5vcmcvMjAwMC9zdmciPjwvc3ZnPg==\" class=\"lazyload\" \/><\/a><\/figure>\n\n\n\n<p>A Secret\u00e1ria de Sa\u00fade Ver\u00f4nica Rafael, junto com Aracelly Oliveira, Coordenadora da Vigil\u00e2ncia Sanit\u00e1ria e Andr\u00e9 Rodrigues Fiscal Sanit\u00e1rio tamb\u00e9m organizaram a fila de espera para recebimento de pagamentos em frente ao R&amp;D Supermercado, colocando barracas e cadeiras.<\/p>\n\n\n\n<p><br>\u201cTem muitas pessoas que n\u00e3o usam e n\u00e3o gostam das m\u00e1scaras, mas esse \u00e9 o item essencial para evitar o contagio e a dissemina\u00e7\u00e3o do Coronav\u00edrus\u201d disse a Secret\u00e1ria Ver\u00f4nica Rafael.<\/p>\n\n\n\n<figure class=\"wp-block-image\"><a href=\"https:\/\/1.bp.blogspot.com\/-fHUZG-vzlXE\/XrMYChVMeWI\/AAAAAAABMjM\/afDOvHFYRQ4BSkS_vjKq9pJga8KdHiZ_wCLcBGAsYHQ\/s1600\/Amparo%2BLigado%2B2020%2B%25283%2529.JPG\"><img decoding=\"async\" data-src=\"https:\/\/1.bp.blogspot.com\/-fHUZG-vzlXE\/XrMYChVMeWI\/AAAAAAABMjM\/afDOvHFYRQ4BSkS_vjKq9pJga8KdHiZ_wCLcBGAsYHQ\/s640\/Amparo%2BLigado%2B2020%2B%25283%2529.JPG\" alt=\"\" src=\"data:image\/svg+xml;base64,PHN2ZyB3aWR0aD0iMSIgaGVpZ2h0PSIxIiB4bWxucz0iaHR0cDovL3d3dy53My5vcmcvMjAwMC9zdmciPjwvc3ZnPg==\" class=\"lazyload\" \/><\/a><\/figure>\n\n\n\n<figure class=\"wp-block-image\"><a href=\"https:\/\/1.bp.blogspot.com\/-ZCaxdYRs1PA\/XrMYFn10TSI\/AAAAAAABMjY\/l_h5QXExs8cSNga_W8reiUHDr_fHYdXJACLcBGAsYHQ\/s1600\/Amparo%2BLigado%2B2020%2B%25284%2529.JPG\"><img decoding=\"async\" data-src=\"https:\/\/1.bp.blogspot.com\/-ZCaxdYRs1PA\/XrMYFn10TSI\/AAAAAAABMjY\/l_h5QXExs8cSNga_W8reiUHDr_fHYdXJACLcBGAsYHQ\/s640\/Amparo%2BLigado%2B2020%2B%25284%2529.JPG\" alt=\"\" src=\"data:image\/svg+xml;base64,PHN2ZyB3aWR0aD0iMSIgaGVpZ2h0PSIxIiB4bWxucz0iaHR0cDovL3d3dy53My5vcmcvMjAwMC9zdmciPjwvc3ZnPg==\" class=\"lazyload\" \/><\/a><\/figure>\n\n\n\n<p>Com Amparo Ligado<\/p>\n","protected":false},"excerpt":{"rendered":"<p>A Secretaria de Sa\u00fade de Amparo junto com a equipe da Vigil\u00e2ncia Sanit\u00e1ria estiveram fazendo, na manh\u00e3 da \u00faltima quarta-feira, 06, a distribui\u00e7\u00e3o de m\u00e1scaras&hellip; <\/p>\n","protected":false},"author":1,"featured_media":167963,"comment_status":"closed","ping_status":"closed","sticky":false,"template":"","format":"standard","meta":{"sfsi_plus_gutenberg_text_before_share":"","sfsi_plus_gutenberg_show_text_before_share":"","sfsi_plus_gutenberg_icon_type":"","sfsi_plus_gutenberg_icon_alignemt":"","sfsi_plus_gutenburg_max_per_row":"","footnotes":""},"categories":[6,50],"tags":[],"class_list":["post-167962","post","type-post","status-publish","format-standard","has-post-thumbnail","hentry","category-cidades","category-destaque"],"_links":{"self":[{"href":"https:\/\/www.caririemacao.com\/1\/wp-json\/wp\/v2\/posts\/167962","targetHints":{"allow":["GET"]}}],"collection":[{"href":"https:\/\/www.caririemacao.com\/1\/wp-json\/wp\/v2\/posts"}],"about":[{"href":"https:\/\/www.caririemacao.com\/1\/wp-json\/wp\/v2\/types\/post"}],"author":[{"embeddable":true,"href":"https:\/\/www.caririemacao.com\/1\/wp-json\/wp\/v2\/users\/1"}],"replies":[{"embeddable":true,"href":"https:\/\/www.caririemacao.com\/1\/wp-json\/wp\/v2\/comments?post=167962"}],"version-history":[{"count":2,"href":"https:\/\/www.caririemacao.com\/1\/wp-json\/wp\/v2\/posts\/167962\/revisions"}],"predecessor-version":[{"id":167988,"href":"https:\/\/www.caririemacao.com\/1\/wp-json\/wp\/v2\/posts\/167962\/revisions\/167988"}],"wp:featuredmedia":[{"embeddable":true,"href":"https:\/\/www.caririemacao.com\/1\/wp-json\/wp\/v2\/media\/167963"}],"wp:attachment":[{"href":"https:\/\/www.caririemacao.com\/1\/wp-json\/wp\/v2\/media?parent=167962"}],"wp:term":[{"taxonomy":"category","embeddable":true,"href":"https:\/\/www.caririemacao.com\/1\/wp-json\/wp\/v2\/categories?post=167962"},{"taxonomy":"post_tag","embeddable":true,"href":"https:\/\/www.caririemacao.com\/1\/wp-json\/wp\/v2\/tags?post=167962"}],"curies":[{"name":"wp","href":"https:\/\/api.w.org\/{rel}","templated":true}]}}