{"id":167965,"date":"2020-05-07T09:34:26","date_gmt":"2020-05-07T12:34:26","guid":{"rendered":"https:\/\/www.caririemacao.com\/1\/?p=167965"},"modified":"2020-05-07T09:34:26","modified_gmt":"2020-05-07T12:34:26","slug":"mortes-diarias-por-covid-19-disparam-no-brasil-e-superam-italia-e-espanha","status":"publish","type":"post","link":"https:\/\/www.caririemacao.com\/1\/2020\/05\/07\/mortes-diarias-por-covid-19-disparam-no-brasil-e-superam-italia-e-espanha\/","title":{"rendered":"Mortes di\u00e1rias por covid-19 disparam no Brasil e superam It\u00e1lia e Espanha"},"content":{"rendered":"\n<p>O avan\u00e7o do novo coronav\u00edrus fez o Brasil atingir nesta quarta-feira, 6, o maior n\u00famero de mortes registradas pela doen\u00e7a em 24 horas. Segundo dados do Minist\u00e9rio da Sa\u00fade, em apenas um dia foram 615 v\u00edtimas da covid-19.<\/p>\n\n\n\n<p>A not\u00edcia continua ap\u00f3s esta Publicidade<\/p>\n\n\n\n<p>Em volume de mortes, o pa\u00eds s\u00f3 perdeu para os Estados Unidos, que no fim do dia de ontem tiveram 2.333 v\u00edtimas, e o Reino Unido, com 693 \u00f3bitos em decorr\u00eancia da infec\u00e7\u00e3o.<\/p>\n\n\n\n<p>De outros pa\u00edses com a situa\u00e7\u00e3o mais cr\u00edtica da covid-19, como It\u00e1lia e Espanha, o Brasil vem superando pelo menos desde o dia 29 de abril o volume di\u00e1rio de mortes registradas. Apenas no \u00faltimo dia 2, a It\u00e1lia teve 53 v\u00edtimas a mais, como \u00e9 poss\u00edvel observar no gr\u00e1fico a seguir.<\/p>\n\n\n\n<p>Os dados dos Estados Unidos foram exclu\u00eddos para fins de compara\u00e7\u00e3o, uma vez que a curva de crescimento \u00e9 exponencialmente maior.<\/p>\n\n\n\n<div class=\"wp-block-image\"><figure class=\"aligncenter\"><img decoding=\"async\" data-src=\"https:\/\/www.itaberabanoticias.com.br\/wp-content\/uploads\/2020\/05\/WhatsApp-Image-2020-05-06-at-19.09.33.jpeg\" alt=\"\" class=\"wp-image-177740 lazyload\" src=\"data:image\/svg+xml;base64,PHN2ZyB3aWR0aD0iMSIgaGVpZ2h0PSIxIiB4bWxucz0iaHR0cDovL3d3dy53My5vcmcvMjAwMC9zdmciPjwvc3ZnPg==\" \/><\/figure><\/div>\n\n\n\n<h2 class=\"wp-block-heading\">Pico e volume de mortes<\/h2>\n\n\n\n<p>Hoje, o Brasil est\u00e1 na s\u00e9tima posi\u00e7\u00e3o dos pa\u00edses que mais registraram mortes at\u00e9 agora pela doen\u00e7a. A maior parte, por\u00e9m, est\u00e1 em est\u00e1gios mais avan\u00e7ados do cont\u00e1gio da doen\u00e7a.<\/p>\n\n\n\n<p>Espanha, Estados Unidos e Reino Unido j\u00e1 t\u00eam mais de 60 dias desde o registro do primeiro \u00f3bito. Em compara\u00e7\u00e3o, o Brasil ainda est\u00e1 em seu 50\u00ba dia desde que registrou a primeira v\u00edtima, em 17 de mar\u00e7o.<\/p>\n\n\n\n<p>Nem mesmo h\u00e1 certezas se o pa\u00eds est\u00e1 passando pelo pico da doen\u00e7a, previsto inicialmente para este m\u00eas. No in\u00edcio da semana, o secret\u00e1rio de Vigil\u00e2ncia em Sa\u00fade do Minist\u00e9rio da Sa\u00fade, Wanderson de Oliveira, disse que o per\u00edodo mais cr\u00edtico da doen\u00e7a ser\u00e1 conhecido entre maio, junho e julho.<\/p>\n\n\n\n<p>Em compara\u00e7\u00e3o com os outros quatro pa\u00edses, o Brasil ainda tem a menor taxa de \u00f3bitos pela doen\u00e7a, mas estudos recentes projetam um alto registro de mortes nas pr\u00f3ximas semanas.<\/p>\n\n\n\n<p>Previs\u00f5es cient\u00edficas tamb\u00e9m apontam que o n\u00famero de infectados no pa\u00eds, hoje pr\u00f3ximo dos 120.000, pode ser de sete a 15 vezes maior que os dados oficiais. Segundo um estudo publicado pela Faculdade de Medicina de Ribeir\u00e3o Preto, da USP, o Brasil pode ter de 1,3 milh\u00e3o a 2 milh\u00f5es de casos, no pior cen\u00e1rio.<\/p>\n\n\n\n<div class=\"wp-block-image\"><figure class=\"aligncenter\"><img decoding=\"async\" data-src=\"https:\/\/www.itaberabanoticias.com.br\/wp-content\/uploads\/2020\/05\/WhatsApp-Image-2020-05-06-at-19.11.01.jpeg\" alt=\"\" class=\"wp-image-177741 lazyload\" src=\"data:image\/svg+xml;base64,PHN2ZyB3aWR0aD0iMSIgaGVpZ2h0PSIxIiB4bWxucz0iaHR0cDovL3d3dy53My5vcmcvMjAwMC9zdmciPjwvc3ZnPg==\" \/><\/figure><\/div>\n","protected":false},"excerpt":{"rendered":"<p>O avan\u00e7o do novo coronav\u00edrus fez o Brasil atingir nesta quarta-feira, 6, o maior n\u00famero de mortes registradas pela doen\u00e7a em 24 horas. Segundo dados&hellip; <\/p>\n","protected":false},"author":1,"featured_media":167966,"comment_status":"closed","ping_status":"closed","sticky":false,"template":"","format":"standard","meta":{"sfsi_plus_gutenberg_text_before_share":"","sfsi_plus_gutenberg_show_text_before_share":"","sfsi_plus_gutenberg_icon_type":"","sfsi_plus_gutenberg_icon_alignemt":"","sfsi_plus_gutenburg_max_per_row":"","footnotes":""},"categories":[50],"tags":[],"class_list":["post-167965","post","type-post","status-publish","format-standard","has-post-thumbnail","hentry","category-destaque"],"_links":{"self":[{"href":"https:\/\/www.caririemacao.com\/1\/wp-json\/wp\/v2\/posts\/167965","targetHints":{"allow":["GET"]}}],"collection":[{"href":"https:\/\/www.caririemacao.com\/1\/wp-json\/wp\/v2\/posts"}],"about":[{"href":"https:\/\/www.caririemacao.com\/1\/wp-json\/wp\/v2\/types\/post"}],"author":[{"embeddable":true,"href":"https:\/\/www.caririemacao.com\/1\/wp-json\/wp\/v2\/users\/1"}],"replies":[{"embeddable":true,"href":"https:\/\/www.caririemacao.com\/1\/wp-json\/wp\/v2\/comments?post=167965"}],"version-history":[{"count":1,"href":"https:\/\/www.caririemacao.com\/1\/wp-json\/wp\/v2\/posts\/167965\/revisions"}],"predecessor-version":[{"id":167967,"href":"https:\/\/www.caririemacao.com\/1\/wp-json\/wp\/v2\/posts\/167965\/revisions\/167967"}],"wp:featuredmedia":[{"embeddable":true,"href":"https:\/\/www.caririemacao.com\/1\/wp-json\/wp\/v2\/media\/167966"}],"wp:attachment":[{"href":"https:\/\/www.caririemacao.com\/1\/wp-json\/wp\/v2\/media?parent=167965"}],"wp:term":[{"taxonomy":"category","embeddable":true,"href":"https:\/\/www.caririemacao.com\/1\/wp-json\/wp\/v2\/categories?post=167965"},{"taxonomy":"post_tag","embeddable":true,"href":"https:\/\/www.caririemacao.com\/1\/wp-json\/wp\/v2\/tags?post=167965"}],"curies":[{"name":"wp","href":"https:\/\/api.w.org\/{rel}","templated":true}]}}