{"id":167968,"date":"2020-05-07T09:36:55","date_gmt":"2020-05-07T12:36:55","guid":{"rendered":"https:\/\/www.caririemacao.com\/1\/?p=167968"},"modified":"2020-05-07T09:55:56","modified_gmt":"2020-05-07T12:55:56","slug":"amazonas-recebe-mais-um-reforco-de-profissionais-da-forca-nacional-do-sus","status":"publish","type":"post","link":"https:\/\/www.caririemacao.com\/1\/2020\/05\/07\/amazonas-recebe-mais-um-reforco-de-profissionais-da-forca-nacional-do-sus\/","title":{"rendered":"Amazonas recebe mais um refor\u00e7o de profissionais da For\u00e7a Nacional do SUS"},"content":{"rendered":"\n<p>O Minist\u00e9rio da Sa\u00fade enviou a terceira equipe de profissionais volunt\u00e1rios de sa\u00fade da For\u00e7a Nacional do SUS para atuar no enfrentamento \u00e0 COVID-19 em Manaus. Sete t\u00e9cnicos da pasta tamb\u00e9m seguiram para Manaus para apoiar \u00e0s gest\u00f5es estadual e municipal para o combate \u00e0 doen\u00e7a<\/p>\n\n\n\n<p>O estado do Amazonas ganhou nesta quarta-feira (6), um refor\u00e7o de sete t\u00e9cnicos do Minist\u00e9rio da Sa\u00fade e 13 profissionais de sa\u00fade da For\u00e7a Nacional do SUS (FN-SUS) capacitados para atuar no enfrentamento do coronav\u00edrus. A equipe de sa\u00fade conta com quatro m\u00e9dicos, sete enfermeiros e dois fisioterapeutas que atuar\u00e3o no Hospital Delphina Aziz, em Manaus. A unidade \u00e9 refer\u00eancia no atendimento e tratamento de pacientes com COVID-19. Esta \u00e9 a terceira equipe da FN-SUS que apoia o estado do Amazonas com profissionais no Delphina Aziz. Ao todo atuaram na unidade 12 m\u00e9dicos, 24 enfermeiros e quatro fisioterapeutas, no per\u00edodo de 15 de abril a 15 de maio.<\/p>\n\n\n\n<p>Os profissionais de sa\u00fade, todos volunt\u00e1rios, chegaram na segunda-feira (5) a Manaus e s\u00e3o oriundos de diversos estados brasileiros: Rio de Janeiro, Mato Grosso, Rio Grande do Sul, Bahia, Rio Grande do Norte, Pernambuco e o Distrito Federal.<\/p>\n\n\n\n<p>Antes do embarque para a capital amazonense, a equipe passou por capacita\u00e7\u00e3o no Hospital Universit\u00e1rio de Bras\u00edlia (HUB). No curso foram abordados aspectos cl\u00ednicos, diagn\u00f3stico e acolhimento de pacientes suspeitos e confirmados com a Covid-19. Al\u00e9m disso foram passadas instru\u00e7\u00f5es sobre o manejo correto dos equipamentos de prote\u00e7\u00e3o individual e de equipamentos de UTI, e t\u00e9cnica de intuba\u00e7\u00e3o para a atua\u00e7\u00e3o no cuidado a pacientes internados com coronav\u00edrus.<\/p>\n\n\n\n<p><strong>REFOR\u00c7O T\u00c9CNICO<\/strong><\/p>\n\n\n\n<p>O Minist\u00e9rio da Sa\u00fade tamb\u00e9m enviou sete t\u00e9cnicos para apoiar a gest\u00e3o estadual e municipal de sa\u00fade p\u00fablica. A equipe conta com servidores da Aten\u00e7\u00e3o Prim\u00e1ria, da Aten\u00e7\u00e3o Especializada, da Vigil\u00e2ncia em Sa\u00fade e da Gest\u00e3o do Trabalho e Educa\u00e7\u00e3o da Sa\u00fade.<\/p>\n\n\n\n<p>Esses t\u00e9cnicos atuar\u00e3o junto a gest\u00e3o das Secretarias de Sa\u00fade Estadual do Amazonas e Secretaria de Sa\u00fade Municipal de Manaus na identifica\u00e7\u00e3o de pontos de aten\u00e7\u00e3o da rede elencados, para elabora\u00e7\u00e3o de estrat\u00e9gias de enfrentamento \u00e0 Covid-19. O objetivo \u00e9 auxiliar na identifica\u00e7\u00e3o de pontos de aten\u00e7\u00e3o e potencialidades para enfrentamento da doen\u00e7a.<\/p>\n\n\n\n<p><strong>FOR\u00c7A NACIONAL DE SUS<\/strong><\/p>\n\n\n\n<p>A For\u00e7a Nacional do Sistema \u00danico de Sa\u00fade (FN-SUS) \u00e9 um programa de coopera\u00e7\u00e3o criado em novembro de 2011, voltado \u00e0 execu\u00e7\u00e3o de medidas de preven\u00e7\u00e3o, assist\u00eancia e repress\u00e3o a situa\u00e7\u00f5es epidemiol\u00f3gicas, de desastres ou de desassist\u00eancia \u00e0 popula\u00e7\u00e3o quando for esgotada a capacidade de resposta do estado ou munic\u00edpio.<\/p>\n","protected":false},"excerpt":{"rendered":"<p>O Minist\u00e9rio da Sa\u00fade enviou a terceira equipe de profissionais volunt\u00e1rios de sa\u00fade da For\u00e7a Nacional do SUS para atuar no enfrentamento \u00e0 COVID-19 em&hellip; <\/p>\n","protected":false},"author":1,"featured_media":167969,"comment_status":"closed","ping_status":"closed","sticky":false,"template":"","format":"standard","meta":{"sfsi_plus_gutenberg_text_before_share":"","sfsi_plus_gutenberg_show_text_before_share":"","sfsi_plus_gutenberg_icon_type":"","sfsi_plus_gutenberg_icon_alignemt":"","sfsi_plus_gutenburg_max_per_row":"","footnotes":""},"categories":[50],"tags":[],"class_list":["post-167968","post","type-post","status-publish","format-standard","has-post-thumbnail","hentry","category-destaque"],"_links":{"self":[{"href":"https:\/\/www.caririemacao.com\/1\/wp-json\/wp\/v2\/posts\/167968","targetHints":{"allow":["GET"]}}],"collection":[{"href":"https:\/\/www.caririemacao.com\/1\/wp-json\/wp\/v2\/posts"}],"about":[{"href":"https:\/\/www.caririemacao.com\/1\/wp-json\/wp\/v2\/types\/post"}],"author":[{"embeddable":true,"href":"https:\/\/www.caririemacao.com\/1\/wp-json\/wp\/v2\/users\/1"}],"replies":[{"embeddable":true,"href":"https:\/\/www.caririemacao.com\/1\/wp-json\/wp\/v2\/comments?post=167968"}],"version-history":[{"count":3,"href":"https:\/\/www.caririemacao.com\/1\/wp-json\/wp\/v2\/posts\/167968\/revisions"}],"predecessor-version":[{"id":167986,"href":"https:\/\/www.caririemacao.com\/1\/wp-json\/wp\/v2\/posts\/167968\/revisions\/167986"}],"wp:featuredmedia":[{"embeddable":true,"href":"https:\/\/www.caririemacao.com\/1\/wp-json\/wp\/v2\/media\/167969"}],"wp:attachment":[{"href":"https:\/\/www.caririemacao.com\/1\/wp-json\/wp\/v2\/media?parent=167968"}],"wp:term":[{"taxonomy":"category","embeddable":true,"href":"https:\/\/www.caririemacao.com\/1\/wp-json\/wp\/v2\/categories?post=167968"},{"taxonomy":"post_tag","embeddable":true,"href":"https:\/\/www.caririemacao.com\/1\/wp-json\/wp\/v2\/tags?post=167968"}],"curies":[{"name":"wp","href":"https:\/\/api.w.org\/{rel}","templated":true}]}}