{"id":167971,"date":"2020-05-07T09:39:50","date_gmt":"2020-05-07T12:39:50","guid":{"rendered":"https:\/\/www.caririemacao.com\/1\/?p=167971"},"modified":"2020-05-07T09:39:50","modified_gmt":"2020-05-07T12:39:50","slug":"trf-4-mantem-condenacao-de-lula-a-17-anos-no-caso-do-sitio-de-atibaia","status":"publish","type":"post","link":"https:\/\/www.caririemacao.com\/1\/2020\/05\/07\/trf-4-mantem-condenacao-de-lula-a-17-anos-no-caso-do-sitio-de-atibaia\/","title":{"rendered":"TRF-4 mant\u00e9m condena\u00e7\u00e3o de Lula a 17 anos no caso do s\u00edtio de Atibaia"},"content":{"rendered":"\n<p>A Oitava Turma do TRF-4 negou, por unanimidade, os \u201cembargos de declara\u00e7\u00e3o\u201d apresentados pela defesa de Lula e manteve a condena\u00e7\u00e3o do petista a 17 anos de pris\u00e3o no caso do s\u00edtio de Atibaia.<\/p>\n\n\n\n<p>Em uma \u00faltima cartada, os advogados de Lula alegaram que o recente depoimento de Sergio Moro era um \u201cfato novo\u201d para a suspei\u00e7\u00e3o do ex-juiz.<\/p>\n","protected":false},"excerpt":{"rendered":"<p>A Oitava Turma do TRF-4 negou, por unanimidade, os \u201cembargos de declara\u00e7\u00e3o\u201d apresentados pela defesa de Lula e manteve a condena\u00e7\u00e3o do petista a 17&hellip; <\/p>\n","protected":false},"author":1,"featured_media":167972,"comment_status":"closed","ping_status":"closed","sticky":false,"template":"","format":"standard","meta":{"sfsi_plus_gutenberg_text_before_share":"","sfsi_plus_gutenberg_show_text_before_share":"","sfsi_plus_gutenberg_icon_type":"","sfsi_plus_gutenberg_icon_alignemt":"","sfsi_plus_gutenburg_max_per_row":"","footnotes":""},"categories":[50],"tags":[],"class_list":["post-167971","post","type-post","status-publish","format-standard","has-post-thumbnail","hentry","category-destaque"],"_links":{"self":[{"href":"https:\/\/www.caririemacao.com\/1\/wp-json\/wp\/v2\/posts\/167971","targetHints":{"allow":["GET"]}}],"collection":[{"href":"https:\/\/www.caririemacao.com\/1\/wp-json\/wp\/v2\/posts"}],"about":[{"href":"https:\/\/www.caririemacao.com\/1\/wp-json\/wp\/v2\/types\/post"}],"author":[{"embeddable":true,"href":"https:\/\/www.caririemacao.com\/1\/wp-json\/wp\/v2\/users\/1"}],"replies":[{"embeddable":true,"href":"https:\/\/www.caririemacao.com\/1\/wp-json\/wp\/v2\/comments?post=167971"}],"version-history":[{"count":1,"href":"https:\/\/www.caririemacao.com\/1\/wp-json\/wp\/v2\/posts\/167971\/revisions"}],"predecessor-version":[{"id":167973,"href":"https:\/\/www.caririemacao.com\/1\/wp-json\/wp\/v2\/posts\/167971\/revisions\/167973"}],"wp:featuredmedia":[{"embeddable":true,"href":"https:\/\/www.caririemacao.com\/1\/wp-json\/wp\/v2\/media\/167972"}],"wp:attachment":[{"href":"https:\/\/www.caririemacao.com\/1\/wp-json\/wp\/v2\/media?parent=167971"}],"wp:term":[{"taxonomy":"category","embeddable":true,"href":"https:\/\/www.caririemacao.com\/1\/wp-json\/wp\/v2\/categories?post=167971"},{"taxonomy":"post_tag","embeddable":true,"href":"https:\/\/www.caririemacao.com\/1\/wp-json\/wp\/v2\/tags?post=167971"}],"curies":[{"name":"wp","href":"https:\/\/api.w.org\/{rel}","templated":true}]}}