{"id":167974,"date":"2020-05-07T09:41:17","date_gmt":"2020-05-07T12:41:17","guid":{"rendered":"https:\/\/www.caririemacao.com\/1\/?p=167974"},"modified":"2020-05-07T09:41:17","modified_gmt":"2020-05-07T12:41:17","slug":"regina-duarte-continua-no-comando-da-secretaria-da-cultura-ate-agora","status":"publish","type":"post","link":"https:\/\/www.caririemacao.com\/1\/2020\/05\/07\/regina-duarte-continua-no-comando-da-secretaria-da-cultura-ate-agora\/","title":{"rendered":"Regina Duarte continua no comando da secretaria da Cultura, at\u00e9 agora"},"content":{"rendered":"\n<p>A secret\u00e1ria Especial da Cultura, Regina Duarte, continua \u00e0 frente da pasta. A informa\u00e7\u00e3o foi divulgada ap\u00f3s reuni\u00e3o com o presidente Jair Bolsonaro nesta quarta-feira (6). Nem Regina pediu para sair e nem o presidente a dispensou, pelo menos at\u00e9 agora.<\/p>\n\n\n\n<p>A perman\u00eancia de Regina na pasta ocorre ap\u00f3s uma nova crise no governo, que teve in\u00edcio com a&nbsp;renomea\u00e7\u00e3o do maestro Dante Mantovani&nbsp;como presidente da Funda\u00e7\u00e3o Nacional de Artes (Funarte). Ele foi exonerado na data de posse de Regina, em 4 de mar\u00e7o. Na ter\u00e7a, foi reconduzido e exonerado novamente em menos de 24 horas.<\/p>\n\n\n\n<p>Na ter\u00e7a-feira (4), Regina Duarte disse a uma assessora que acreditava que estava sendo dispensada pelo presidente Bolsonaro. \u201cEnt\u00e3o, assim, eles ainda est\u00e3o decidindo. Est\u00e1 decidido. Eu n\u00e3o sei, n\u00e3o sei. Que loucura. Acho que ele est\u00e1 me dispensando\u201d, afirma a atriz, em \u00e1udio reproduzido em redes sociais.<\/p>\n\n\n\n<p>Em entrevista \u00e0&nbsp;CNN, o maestro Dante Mantovani disse nesta quarta-feira (6) que&nbsp;n\u00e3o sabe por que foi&nbsp;exonerado do cargo. \u201cN\u00e3o sei, tem que ver com quem me demitiu\u201d, afirmou ele. \u201cN\u00e3o estou sabendo de nada, por que que anularam. Eu soube pela imprensa.\u201d<\/p>\n\n\n\n<p>Apesar da perman\u00eancia de Regina Duarte, o ator e apresentador M\u00e1rio Frias tem sido cotado para substitui-la em caso de sa\u00edda, nos bastidores, e teria sido pego de surpresa pela informa\u00e7\u00e3o.<\/p>\n","protected":false},"excerpt":{"rendered":"<p>A secret\u00e1ria Especial da Cultura, Regina Duarte, continua \u00e0 frente da pasta. A informa\u00e7\u00e3o foi divulgada ap\u00f3s reuni\u00e3o com o presidente Jair Bolsonaro nesta quarta-feira&hellip; <\/p>\n","protected":false},"author":1,"featured_media":167975,"comment_status":"closed","ping_status":"closed","sticky":false,"template":"","format":"standard","meta":{"sfsi_plus_gutenberg_text_before_share":"","sfsi_plus_gutenberg_show_text_before_share":"","sfsi_plus_gutenberg_icon_type":"","sfsi_plus_gutenberg_icon_alignemt":"","sfsi_plus_gutenburg_max_per_row":"","footnotes":""},"categories":[2],"tags":[],"class_list":["post-167974","post","type-post","status-publish","format-standard","has-post-thumbnail","hentry","category-geral"],"_links":{"self":[{"href":"https:\/\/www.caririemacao.com\/1\/wp-json\/wp\/v2\/posts\/167974","targetHints":{"allow":["GET"]}}],"collection":[{"href":"https:\/\/www.caririemacao.com\/1\/wp-json\/wp\/v2\/posts"}],"about":[{"href":"https:\/\/www.caririemacao.com\/1\/wp-json\/wp\/v2\/types\/post"}],"author":[{"embeddable":true,"href":"https:\/\/www.caririemacao.com\/1\/wp-json\/wp\/v2\/users\/1"}],"replies":[{"embeddable":true,"href":"https:\/\/www.caririemacao.com\/1\/wp-json\/wp\/v2\/comments?post=167974"}],"version-history":[{"count":1,"href":"https:\/\/www.caririemacao.com\/1\/wp-json\/wp\/v2\/posts\/167974\/revisions"}],"predecessor-version":[{"id":167976,"href":"https:\/\/www.caririemacao.com\/1\/wp-json\/wp\/v2\/posts\/167974\/revisions\/167976"}],"wp:featuredmedia":[{"embeddable":true,"href":"https:\/\/www.caririemacao.com\/1\/wp-json\/wp\/v2\/media\/167975"}],"wp:attachment":[{"href":"https:\/\/www.caririemacao.com\/1\/wp-json\/wp\/v2\/media?parent=167974"}],"wp:term":[{"taxonomy":"category","embeddable":true,"href":"https:\/\/www.caririemacao.com\/1\/wp-json\/wp\/v2\/categories?post=167974"},{"taxonomy":"post_tag","embeddable":true,"href":"https:\/\/www.caririemacao.com\/1\/wp-json\/wp\/v2\/tags?post=167974"}],"curies":[{"name":"wp","href":"https:\/\/api.w.org\/{rel}","templated":true}]}}