{"id":167977,"date":"2020-05-07T11:53:20","date_gmt":"2020-05-07T14:53:20","guid":{"rendered":"https:\/\/www.caririemacao.com\/1\/?p=167977"},"modified":"2020-05-07T12:11:46","modified_gmt":"2020-05-07T15:11:46","slug":"mais-acoes-contra-o-covid-19-prefeitura-de-ouro-velho-distribui-mais-de-2-mil-mascaras-e-coloca-mais-lavatorios-em-pontos-estrategicos","status":"publish","type":"post","link":"https:\/\/www.caririemacao.com\/1\/2020\/05\/07\/mais-acoes-contra-o-covid-19-prefeitura-de-ouro-velho-distribui-mais-de-2-mil-mascaras-e-coloca-mais-lavatorios-em-pontos-estrategicos\/","title":{"rendered":"MAIS A\u00c7\u00d5ES CONTRA O COVID 19: Prefeitura de Ouro Velho distribui mais de 2 mil m\u00e1scaras e coloca mais lavat\u00f3rios em pontos estrat\u00e9gicos"},"content":{"rendered":"\n<p>Na manh\u00e3 desta quinta-feira (7), a prefeita Nat\u00e1lia de Dr. J\u00fanior anunciou a instala\u00e7\u00e3o de mais lavat\u00f3rios populares que servir\u00e3o para higieniza\u00e7\u00e3o da popula\u00e7\u00e3o que necessita transitar pela cidade.<\/p>\n\n\n\n<figure class=\"wp-block-image size-large\"><img fetchpriority=\"high\" decoding=\"async\" width=\"1024\" height=\"576\" src=\"https:\/\/www.caririemacao.com\/1\/wp-content\/uploads\/2020\/05\/WhatsApp-Image-2020-05-07-at-12.04.34-1024x576.jpeg\" alt=\"\" class=\"wp-image-168030\" srcset=\"https:\/\/www.caririemacao.com\/1\/wp-content\/uploads\/2020\/05\/WhatsApp-Image-2020-05-07-at-12.04.34-1024x576.jpeg 1024w, https:\/\/www.caririemacao.com\/1\/wp-content\/uploads\/2020\/05\/WhatsApp-Image-2020-05-07-at-12.04.34-300x169.jpeg 300w, https:\/\/www.caririemacao.com\/1\/wp-content\/uploads\/2020\/05\/WhatsApp-Image-2020-05-07-at-12.04.34-768x432.jpeg 768w, https:\/\/www.caririemacao.com\/1\/wp-content\/uploads\/2020\/05\/WhatsApp-Image-2020-05-07-at-12.04.34.jpeg 1280w\" sizes=\"(max-width: 1024px) 100vw, 1024px\" \/><\/figure>\n\n\n\n<p>A prefeita informou que a coloca\u00e7\u00e3o de mais lavat\u00f3rios objetiva ampliar o acesso \u00e0 higieniza\u00e7\u00e3o e conscientizar o cidad\u00e3o do constante ato de lavar as m\u00e3os, totalizando sete lavat\u00f3rios instalados. A Prefeitura tamb\u00e9m distribuiu mais de 2 mil m\u00e1scaras para a popula\u00e7\u00e3o como medida de preven\u00e7\u00e3o.<\/p>\n\n\n\n<figure class=\"wp-block-image size-large\"><img decoding=\"async\" width=\"1024\" height=\"576\" data-src=\"https:\/\/www.caririemacao.com\/1\/wp-content\/uploads\/2020\/05\/WhatsApp-Image-2020-05-07-at-11.43.26-1024x576.jpeg\" alt=\"\" class=\"wp-image-168031 lazyload\" data-srcset=\"https:\/\/www.caririemacao.com\/1\/wp-content\/uploads\/2020\/05\/WhatsApp-Image-2020-05-07-at-11.43.26-1024x576.jpeg 1024w, https:\/\/www.caririemacao.com\/1\/wp-content\/uploads\/2020\/05\/WhatsApp-Image-2020-05-07-at-11.43.26-300x169.jpeg 300w, https:\/\/www.caririemacao.com\/1\/wp-content\/uploads\/2020\/05\/WhatsApp-Image-2020-05-07-at-11.43.26-768x432.jpeg 768w, https:\/\/www.caririemacao.com\/1\/wp-content\/uploads\/2020\/05\/WhatsApp-Image-2020-05-07-at-11.43.26-1536x864.jpeg 1536w, https:\/\/www.caririemacao.com\/1\/wp-content\/uploads\/2020\/05\/WhatsApp-Image-2020-05-07-at-11.43.26.jpeg 1600w\" data-sizes=\"(max-width: 1024px) 100vw, 1024px\" src=\"data:image\/svg+xml;base64,PHN2ZyB3aWR0aD0iMSIgaGVpZ2h0PSIxIiB4bWxucz0iaHR0cDovL3d3dy53My5vcmcvMjAwMC9zdmciPjwvc3ZnPg==\" style=\"--smush-placeholder-width: 1024px; --smush-placeholder-aspect-ratio: 1024\/576;\" \/><\/figure>\n\n\n\n<p>A iniciativa soma as outras medidas que a Prefeitura j\u00e1 vem realizando no munic\u00edpio a exemplo da aquisi\u00e7\u00e3o de monitores card\u00edacos, testes r\u00e1pidos, equipamentos de prote\u00e7\u00e3o para profissionais da sa\u00fade, respirador, limpeza das ruas, entrega de merenda aos alunos e tantas outras a\u00e7\u00f5es.<\/p>\n","protected":false},"excerpt":{"rendered":"<p>Na manh\u00e3 desta quinta-feira (7), a prefeita Nat\u00e1lia de Dr. J\u00fanior anunciou a instala\u00e7\u00e3o de mais lavat\u00f3rios populares que servir\u00e3o para higieniza\u00e7\u00e3o da popula\u00e7\u00e3o que&hellip; <\/p>\n","protected":false},"author":1,"featured_media":168018,"comment_status":"closed","ping_status":"closed","sticky":false,"template":"","format":"standard","meta":{"sfsi_plus_gutenberg_text_before_share":"","sfsi_plus_gutenberg_show_text_before_share":"","sfsi_plus_gutenberg_icon_type":"","sfsi_plus_gutenberg_icon_alignemt":"","sfsi_plus_gutenburg_max_per_row":"","footnotes":""},"categories":[6,50],"tags":[],"class_list":["post-167977","post","type-post","status-publish","format-standard","has-post-thumbnail","hentry","category-cidades","category-destaque"],"_links":{"self":[{"href":"https:\/\/www.caririemacao.com\/1\/wp-json\/wp\/v2\/posts\/167977","targetHints":{"allow":["GET"]}}],"collection":[{"href":"https:\/\/www.caririemacao.com\/1\/wp-json\/wp\/v2\/posts"}],"about":[{"href":"https:\/\/www.caririemacao.com\/1\/wp-json\/wp\/v2\/types\/post"}],"author":[{"embeddable":true,"href":"https:\/\/www.caririemacao.com\/1\/wp-json\/wp\/v2\/users\/1"}],"replies":[{"embeddable":true,"href":"https:\/\/www.caririemacao.com\/1\/wp-json\/wp\/v2\/comments?post=167977"}],"version-history":[{"count":4,"href":"https:\/\/www.caririemacao.com\/1\/wp-json\/wp\/v2\/posts\/167977\/revisions"}],"predecessor-version":[{"id":168033,"href":"https:\/\/www.caririemacao.com\/1\/wp-json\/wp\/v2\/posts\/167977\/revisions\/168033"}],"wp:featuredmedia":[{"embeddable":true,"href":"https:\/\/www.caririemacao.com\/1\/wp-json\/wp\/v2\/media\/168018"}],"wp:attachment":[{"href":"https:\/\/www.caririemacao.com\/1\/wp-json\/wp\/v2\/media?parent=167977"}],"wp:term":[{"taxonomy":"category","embeddable":true,"href":"https:\/\/www.caririemacao.com\/1\/wp-json\/wp\/v2\/categories?post=167977"},{"taxonomy":"post_tag","embeddable":true,"href":"https:\/\/www.caririemacao.com\/1\/wp-json\/wp\/v2\/tags?post=167977"}],"curies":[{"name":"wp","href":"https:\/\/api.w.org\/{rel}","templated":true}]}}