{"id":167979,"date":"2020-05-07T09:50:15","date_gmt":"2020-05-07T12:50:15","guid":{"rendered":"https:\/\/www.caririemacao.com\/1\/?p=167979"},"modified":"2020-05-07T12:51:54","modified_gmt":"2020-05-07T15:51:54","slug":"apos-critica-ministro-da-saude-acusa-lula-de-propagar-desinformacao","status":"publish","type":"post","link":"https:\/\/www.caririemacao.com\/1\/2020\/05\/07\/apos-critica-ministro-da-saude-acusa-lula-de-propagar-desinformacao\/","title":{"rendered":"Ap\u00f3s cr\u00edtica, ministro da Sa\u00fade acusa Lula de propagar desinforma\u00e7\u00e3o"},"content":{"rendered":"\n<p>O ex-presidente Luiz In\u00e1cio\u00a0Lula\u00a0da Silva e o ministro da Sa\u00fade,\u00a0Nelson Teich, discutiram\u00a0na noite da \u00faltima ter\u00e7a-feira (5\/5). Por meio do Twitter, Lula disse que Teich\u00a0\u201cnunca deve ter entrado numa UBS (Unidade B\u00e1sica de Sa\u00fade)\u201d\u00a0e que\u00a0\u201c\u2018nunca deve ter tirado press\u00e3o de algum paciente\u201d. Teich, por sua vez, respondeu dizendo que\u00a0\u201co ponto mais grave do coronav\u00edrus \u00e9 a propaga\u00e7\u00e3o da desinforma\u00e7\u00e3o.\u201d<\/p>\n\n\n\n<p>Lula disse que viu em Nelson Teich \u201cuma pessoa que entrou em hospitais somente para vender planos de sa\u00fade\u201d e que \u2018espera nunca tomar uma inje\u00e7o com ele.<\/p>\n\n\n\n<p>\u201cEsse novo ministro da Sa\u00fade, a impress\u00e3o que eu tenho \u00e9 de que ele nunca entrou em uma UBS. Que ele s\u00f3 entrou em hospital pra vender plano. \u00c9 um cara especialista em fundos, n\u00e3o deve nunca ter tirado a press\u00e3o de um paciente. Espero n\u00e3o precisar nunca tomar uma inje\u00e7\u00e3o com ele\u201d, escreveu o ex-presidente.<\/p>\n\n\n\n<p>O ministro respondeu dizendo que a propaga\u00e7\u00e3o da desinforma\u00e7\u00e3o \u00e9 o ponto mais grave da covid-19. Teich tamb\u00e9m escreveu sobre sua carreira, com passagens em hospitais p\u00fablicos do Rio de Janeiro. Ele tamb\u00e9m publicou uma carta da Sociedade Americana de Oncologia Cl\u00ednica.\u201cComo o senhor deve saber, um dos pontos mais graves da Covid-19 \u00e9 a propaga\u00e7\u00e3o da desinforma\u00e7\u00e3o. Iniciei minha carreira h\u00e1 39 anos no SUS. Meu foco sempre foi a vida e a recupera\u00e7\u00e3o dos pacientes. Na Covid-19, estou ao lado dos brasileiros\u201d, publicou Teich.<\/p>\n\n\n\n<p>Sem se referir a Teich, Lula seguiu escrevendo em tons de defesa ao Sistema \u00danico de Sa\u00fade (SUS). O ex-presidente afirmou que o coronav\u00edrus mostrou a import\u00e2ncia de um sistema p\u00fabluco de sa\u00fade e \u2018que os americanos est\u00e3o vendo o que \u00e9 n\u00e3o ter um sistema gratuito para atender o povo\u2019.<\/p>\n\n\n\n<p>&#8220;Esse novo ministro da Sa\u00fade, a impress\u00e3o que eu tenho \u00e9 de que ele nunca entrou em uma UBS. Que ele s\u00f3 entrou em hospital pra vender plano. \u00c9 um cara especialista em fundos, n\u00e3o deve nunca ter tirado a press\u00e3o de um paciente. Espero n\u00e3o precisar nunca tomar uma inje\u00e7\u00e3o com ele.6:40 PM \u00b7 5 de mai de 2020&#8221;, disse o ex presidente. <a rel=\"noreferrer noopener\" href=\"https:\/\/twitter.com\/intent\/like?ref_src=twsrc%5Etfw%7Ctwcamp%5Etweetembed%7Ctwterm%5E1257787162432602113%7Ctwgr%5E&amp;ref_url=https%3A%2F%2Fwww.tudooknoticias.com.br%2Fdestaque%2Fapos-critica-ministro-da-saude-acusa-lula-de-propagar-desinformacao%2F&amp;tweet_id=1257787162432602113\" target=\"_blank\"><\/a><\/p>\n\n\n\n<p>\u201cEst\u00e1 ficando claro pra muita gente nesse pa\u00eds que o SUS n\u00e3o \u00e9 aquela coisa nefasta que o mercado pregava. Ficou provada nessa crise a import\u00e2ncia do Estado\u201d, concluiu.<\/p>\n\n\n\n<p>Fonte: Correioweb<\/p>\n","protected":false},"excerpt":{"rendered":"<p>O ex-presidente Luiz In\u00e1cio\u00a0Lula\u00a0da Silva e o ministro da Sa\u00fade,\u00a0Nelson Teich, discutiram\u00a0na noite da \u00faltima ter\u00e7a-feira (5\/5). Por meio do Twitter, Lula disse que Teich\u00a0\u201cnunca&hellip; <\/p>\n","protected":false},"author":1,"featured_media":167981,"comment_status":"closed","ping_status":"closed","sticky":false,"template":"","format":"standard","meta":{"sfsi_plus_gutenberg_text_before_share":"","sfsi_plus_gutenberg_show_text_before_share":"","sfsi_plus_gutenberg_icon_type":"","sfsi_plus_gutenberg_icon_alignemt":"","sfsi_plus_gutenburg_max_per_row":"","footnotes":""},"categories":[2],"tags":[],"class_list":["post-167979","post","type-post","status-publish","format-standard","has-post-thumbnail","hentry","category-geral"],"_links":{"self":[{"href":"https:\/\/www.caririemacao.com\/1\/wp-json\/wp\/v2\/posts\/167979","targetHints":{"allow":["GET"]}}],"collection":[{"href":"https:\/\/www.caririemacao.com\/1\/wp-json\/wp\/v2\/posts"}],"about":[{"href":"https:\/\/www.caririemacao.com\/1\/wp-json\/wp\/v2\/types\/post"}],"author":[{"embeddable":true,"href":"https:\/\/www.caririemacao.com\/1\/wp-json\/wp\/v2\/users\/1"}],"replies":[{"embeddable":true,"href":"https:\/\/www.caririemacao.com\/1\/wp-json\/wp\/v2\/comments?post=167979"}],"version-history":[{"count":2,"href":"https:\/\/www.caririemacao.com\/1\/wp-json\/wp\/v2\/posts\/167979\/revisions"}],"predecessor-version":[{"id":168058,"href":"https:\/\/www.caririemacao.com\/1\/wp-json\/wp\/v2\/posts\/167979\/revisions\/168058"}],"wp:featuredmedia":[{"embeddable":true,"href":"https:\/\/www.caririemacao.com\/1\/wp-json\/wp\/v2\/media\/167981"}],"wp:attachment":[{"href":"https:\/\/www.caririemacao.com\/1\/wp-json\/wp\/v2\/media?parent=167979"}],"wp:term":[{"taxonomy":"category","embeddable":true,"href":"https:\/\/www.caririemacao.com\/1\/wp-json\/wp\/v2\/categories?post=167979"},{"taxonomy":"post_tag","embeddable":true,"href":"https:\/\/www.caririemacao.com\/1\/wp-json\/wp\/v2\/tags?post=167979"}],"curies":[{"name":"wp","href":"https:\/\/api.w.org\/{rel}","templated":true}]}}