{"id":167989,"date":"2020-05-07T10:18:28","date_gmt":"2020-05-07T13:18:28","guid":{"rendered":"https:\/\/www.caririemacao.com\/1\/?p=167989"},"modified":"2020-05-07T12:54:38","modified_gmt":"2020-05-07T15:54:38","slug":"camara-de-sume-realiza-sessao-e-discute-projetos-e-requerimentos","status":"publish","type":"post","link":"https:\/\/www.caririemacao.com\/1\/2020\/05\/07\/camara-de-sume-realiza-sessao-e-discute-projetos-e-requerimentos\/","title":{"rendered":"C\u00e2mara de Sum\u00e9 realiza sess\u00e3o e discute projetos e requerimentos"},"content":{"rendered":"\n<p>A C\u00e2mara de Vereadores de Sum\u00e9 realizou na noite da \u00faltima ter\u00e7a-feira (05), uma reuni\u00e3o para discutir projetos e requerimentos. A sess\u00e3o foi fechada e com todas as medidas necess\u00e1rias conforme as orienta\u00e7\u00f5es dos \u00f3rg\u00e3os de sa\u00fade. Na oportunidade, todos os vereadores estavam de m\u00e1scaras e utilizando \u00e1lcool gel 70%.<\/p>\n\n\n\n<figure class=\"wp-block-image size-large\"><img fetchpriority=\"high\" decoding=\"async\" width=\"526\" height=\"593\" src=\"https:\/\/www.caririemacao.com\/1\/wp-content\/uploads\/2020\/05\/camara-de-sum\u00e9-7-1.jpg\" alt=\"\" class=\"wp-image-167998\" srcset=\"https:\/\/www.caririemacao.com\/1\/wp-content\/uploads\/2020\/05\/camara-de-sum\u00e9-7-1.jpg 526w, https:\/\/www.caririemacao.com\/1\/wp-content\/uploads\/2020\/05\/camara-de-sum\u00e9-7-1-266x300.jpg 266w\" sizes=\"(max-width: 526px) 100vw, 526px\" \/><\/figure>\n\n\n\n<p>Na sess\u00e3o, o presidente da C\u00e2mara de Vereadores, Le\u00f4nidas Albino, apresentou voto de pesar pela morte da senhora Josilene Alves.<\/p>\n\n\n\n<p>Ele tamb\u00e9m destacou que a C\u00e2mara de Vereadores sempre estar\u00e1 \u00e0 disposi\u00e7\u00e3o para discutir projetos de interesse da popula\u00e7\u00e3o.<\/p>\n\n\n\n<figure class=\"wp-block-image size-large\"><img decoding=\"async\" width=\"512\" height=\"600\" data-src=\"https:\/\/www.caririemacao.com\/1\/wp-content\/uploads\/2020\/05\/camara-de-sum\u00e9-6.jpg\" alt=\"\" class=\"wp-image-167996 lazyload\" data-srcset=\"https:\/\/www.caririemacao.com\/1\/wp-content\/uploads\/2020\/05\/camara-de-sum\u00e9-6.jpg 512w, https:\/\/www.caririemacao.com\/1\/wp-content\/uploads\/2020\/05\/camara-de-sum\u00e9-6-256x300.jpg 256w\" data-sizes=\"(max-width: 512px) 100vw, 512px\" src=\"data:image\/svg+xml;base64,PHN2ZyB3aWR0aD0iMSIgaGVpZ2h0PSIxIiB4bWxucz0iaHR0cDovL3d3dy53My5vcmcvMjAwMC9zdmciPjwvc3ZnPg==\" style=\"--smush-placeholder-width: 512px; --smush-placeholder-aspect-ratio: 512\/600;\" \/><\/figure>\n\n\n\n<p>O l\u00edder do governo na C\u00e2mara, Antonio Carlos Sarmento, agradeceu a todos os pares pela aprova\u00e7\u00e3o dos projetos oriundos do Poder Executivo. Antonio Carlos tamb\u00e9m solicitou que a Prefeitura estude a possibilidade de pagar um adicional para os profissionais da sa\u00fade que est\u00e3o no enfrentamento ao coronav\u00edrus.<\/p>\n\n\n\n<figure class=\"wp-block-image size-large\"><img decoding=\"async\" width=\"1024\" height=\"1024\" data-src=\"https:\/\/www.caririemacao.com\/1\/wp-content\/uploads\/2020\/05\/camara-de-sum\u00e9-5-1024x1024.jpg\" alt=\"\" class=\"wp-image-167995 lazyload\" data-srcset=\"https:\/\/www.caririemacao.com\/1\/wp-content\/uploads\/2020\/05\/camara-de-sum\u00e9-5.jpg 1024w, https:\/\/www.caririemacao.com\/1\/wp-content\/uploads\/2020\/05\/camara-de-sum\u00e9-5-300x300.jpg 300w, https:\/\/www.caririemacao.com\/1\/wp-content\/uploads\/2020\/05\/camara-de-sum\u00e9-5-150x150.jpg 150w, https:\/\/www.caririemacao.com\/1\/wp-content\/uploads\/2020\/05\/camara-de-sum\u00e9-5-768x768.jpg 768w\" data-sizes=\"(max-width: 1024px) 100vw, 1024px\" src=\"data:image\/svg+xml;base64,PHN2ZyB3aWR0aD0iMSIgaGVpZ2h0PSIxIiB4bWxucz0iaHR0cDovL3d3dy53My5vcmcvMjAwMC9zdmciPjwvc3ZnPg==\" style=\"--smush-placeholder-width: 1024px; --smush-placeholder-aspect-ratio: 1024\/1024;\" \/><\/figure>\n\n\n\n<p>Na oportunidade, a vereadora Br\u00edgida Xavier prop\u00f4s que a C\u00e2mara encaminhe ao Poder Executivo uma indica\u00e7\u00e3o para que sejam colocadas tendas, cadeiras, \u00e1lcool em gel e lavat\u00f3rios nos bancos e correspondentes banc\u00e1rios do munic\u00edpio, principalmente nos pontos de maior aglomera\u00e7\u00e3o.<\/p>\n\n\n\n<p>Presente \u00e0 reuni\u00e3o, o secret\u00e1rio de administra\u00e7\u00e3o Bonilson Tim\u00f3teo, informou que as medidas est\u00e3o sendo tomadas, como a coloca\u00e7\u00e3o das tendas, lavat\u00f3rios e a organiza\u00e7\u00e3o das ruas.<\/p>\n\n\n\n<figure class=\"wp-block-image size-large\"><img decoding=\"async\" width=\"709\" height=\"909\" data-src=\"https:\/\/www.caririemacao.com\/1\/wp-content\/uploads\/2020\/05\/camara-de-sum\u00e9-3.jpg\" alt=\"\" class=\"wp-image-167993 lazyload\" data-srcset=\"https:\/\/www.caririemacao.com\/1\/wp-content\/uploads\/2020\/05\/camara-de-sum\u00e9-3.jpg 709w, https:\/\/www.caririemacao.com\/1\/wp-content\/uploads\/2020\/05\/camara-de-sum\u00e9-3-234x300.jpg 234w\" data-sizes=\"(max-width: 709px) 100vw, 709px\" src=\"data:image\/svg+xml;base64,PHN2ZyB3aWR0aD0iMSIgaGVpZ2h0PSIxIiB4bWxucz0iaHR0cDovL3d3dy53My5vcmcvMjAwMC9zdmciPjwvc3ZnPg==\" style=\"--smush-placeholder-width: 709px; --smush-placeholder-aspect-ratio: 709\/909;\" \/><\/figure>\n\n\n\n<p>O vereador&nbsp;Daniel L\u00eala&nbsp;apresentou voto de pesar a fam\u00edlia da senhora Antonieta de Sousa Batista.<\/p>\n\n\n\n<figure class=\"wp-block-image size-large\"><img decoding=\"async\" width=\"657\" height=\"769\" data-src=\"https:\/\/www.caririemacao.com\/1\/wp-content\/uploads\/2020\/05\/camara-de-sum\u00e9-2.jpg\" alt=\"\" class=\"wp-image-167992 lazyload\" data-srcset=\"https:\/\/www.caririemacao.com\/1\/wp-content\/uploads\/2020\/05\/camara-de-sum\u00e9-2.jpg 657w, https:\/\/www.caririemacao.com\/1\/wp-content\/uploads\/2020\/05\/camara-de-sum\u00e9-2-256x300.jpg 256w\" data-sizes=\"(max-width: 657px) 100vw, 657px\" src=\"data:image\/svg+xml;base64,PHN2ZyB3aWR0aD0iMSIgaGVpZ2h0PSIxIiB4bWxucz0iaHR0cDovL3d3dy53My5vcmcvMjAwMC9zdmciPjwvc3ZnPg==\" style=\"--smush-placeholder-width: 657px; --smush-placeholder-aspect-ratio: 657\/769;\" \/><\/figure>\n\n\n\n<p>O vereador Nilson Brito apresentou requerimento solicitando ao prefeito \u00c9den Duarte a recupera\u00e7\u00e3o da estrada que liga o Assentamento C\u00edcero Severo at\u00e9 o s\u00edtio Retiro, Tr\u00eas Casas e S\u00edtio Ing\u00e1, 5Km de estrada que ir\u00e1 tirar de isolamento os moradores destas localidades.<br><br>Nilson Brito apresentou requerimento solicitando uma adutora atrav\u00e9s de emendas, recursos pr\u00f3prios ou do Programa \u00c1gua Singela para as comunidades de Ladeira do Padre e Terra Vermelha.<br><br>Nilson Brito agradeceu ao prefeito&nbsp;\u00c9den Duarte&nbsp;por ter atendido a uma indica\u00e7\u00e3o sua e encaminhado um projeto que foi aprovado que trata sobre a isen\u00e7\u00e3o de cobran\u00e7a da taxa de ilumina\u00e7\u00e3o p\u00fablica de todos os po\u00e7os da zona rural do munic\u00edpio.<\/p>\n\n\n\n<figure class=\"wp-block-image size-large\"><img decoding=\"async\" width=\"1024\" height=\"1024\" data-src=\"https:\/\/www.caririemacao.com\/1\/wp-content\/uploads\/2020\/05\/camara-de-sum\u00e9-1-1024x1024.jpg\" alt=\"\" class=\"wp-image-167991 lazyload\" data-srcset=\"https:\/\/www.caririemacao.com\/1\/wp-content\/uploads\/2020\/05\/camara-de-sum\u00e9-1.jpg 1024w, https:\/\/www.caririemacao.com\/1\/wp-content\/uploads\/2020\/05\/camara-de-sum\u00e9-1-300x300.jpg 300w, https:\/\/www.caririemacao.com\/1\/wp-content\/uploads\/2020\/05\/camara-de-sum\u00e9-1-150x150.jpg 150w, https:\/\/www.caririemacao.com\/1\/wp-content\/uploads\/2020\/05\/camara-de-sum\u00e9-1-768x768.jpg 768w\" data-sizes=\"(max-width: 1024px) 100vw, 1024px\" src=\"data:image\/svg+xml;base64,PHN2ZyB3aWR0aD0iMSIgaGVpZ2h0PSIxIiB4bWxucz0iaHR0cDovL3d3dy53My5vcmcvMjAwMC9zdmciPjwvc3ZnPg==\" style=\"--smush-placeholder-width: 1024px; --smush-placeholder-aspect-ratio: 1024\/1024;\" \/><\/figure>\n\n\n\n<p>O vereador Juan Pereira apresentou requerimento solicitando a viabiliza\u00e7\u00e3o de transporte di\u00e1rio para a senhora Michele Barros e suas filhas que fazem tratamento de sa\u00fade em Campina Grande.<\/p>\n\n\n\n<p>Foi aprovado o projeto de lei 590\/2020 de autoria do Poder Executivo que denomina de Rua Maria do Socorro de Sousa \u201cSocorro do Dnocs\u201d, a Rua projetada localizada No bairro Novo Sum\u00e9- Quadra 11, situada entre as ruas Ant\u00f4nio Bezerra de Sousa e Jo\u00e3o Rodrigues Sobrinho.<br><br>Foi aprovado o projeto de lei n\u00ba 589\/2020 que trata sobre os valores de custeio do servi\u00e7o de ilumina\u00e7\u00e3o p\u00fablica-CIP, ficam tamb\u00e9m isentos da contribui\u00e7\u00e3o os usu\u00e1rios mais de uma UC, desde que comprovem, atrav\u00e9s de requerimento direcionado a Prefeitura, que uma dessas UCs se destinam exclusivamente a liga\u00e7\u00e3o de equipamentos voltados a agricultura familiar e pecu\u00e1ria, como eletrobombas (submersas ou injetoras, monof\u00e1sicas ou trif\u00e1sicas), independentes de sua pot\u00eancia.<\/p>\n\n\n\n<p>O Poder Executivo encaminhou o Projeto de Lei \u00e0 C\u00e2mara de Vereadores prorrogando os prazos de pagamentos do IPTU 2020. Os prazos que venciam no final de abril, maio e junho.<br><br>O calend\u00e1rio para pagamento passaria a valer da seguinte forma.<br><strong><br>1\u00aa parcela: vencimento em 30 de junho de 2020<br>2\u00aa parcela: vencimento 31 de julho de 2020<br>3\u00aa parcela: em 31 de agosto de 2020<\/strong><\/p>\n\n\n\n<figure class=\"wp-block-image size-large\"><img decoding=\"async\" width=\"785\" height=\"825\" data-src=\"https:\/\/www.caririemacao.com\/1\/wp-content\/uploads\/2020\/05\/camara-de-sum\u00e9-4.jpg\" alt=\"\" class=\"wp-image-167994 lazyload\" data-srcset=\"https:\/\/www.caririemacao.com\/1\/wp-content\/uploads\/2020\/05\/camara-de-sum\u00e9-4.jpg 785w, https:\/\/www.caririemacao.com\/1\/wp-content\/uploads\/2020\/05\/camara-de-sum\u00e9-4-285x300.jpg 285w, https:\/\/www.caririemacao.com\/1\/wp-content\/uploads\/2020\/05\/camara-de-sum\u00e9-4-768x807.jpg 768w\" data-sizes=\"(max-width: 785px) 100vw, 785px\" src=\"data:image\/svg+xml;base64,PHN2ZyB3aWR0aD0iMSIgaGVpZ2h0PSIxIiB4bWxucz0iaHR0cDovL3d3dy53My5vcmcvMjAwMC9zdmciPjwvc3ZnPg==\" style=\"--smush-placeholder-width: 785px; --smush-placeholder-aspect-ratio: 785\/825;\" \/><\/figure>\n\n\n\n<p>Na ocasi\u00e3o foi aprovado o projeto de lei 591\/2020, de autoria do vereador&nbsp;Jos\u00e9 Ant\u00f4nio, altera o projeto de lei n\u00ba 1.344 de 2019, que trata sobre o lan\u00e7amento do IPTU-Imposto sobre a Propriedade Predial e Territorial Urbana, exerc\u00edcio 2019.<br><br>&#8211; <strong>1\u00aa Parcela em 30 de setembro de 2020<br>&#8211; 2\u00aa Parcela em 30 de outubro de 2020<br>&#8211; 3\u00aa Parcela 30 de novembro de 2020<br>&#8211; Cota antecipada e a data de vencimento para pagamento integral at\u00e9 &#8211; 30 de setembro com desconto de 10%.<br>&#8211; Cota \u00fanica para o pagamento integral at\u00e9 30 de novembro de 2020<br><\/strong><br>O projeto segue para an\u00e1lise do prefeito \u00c9den Duarte.<\/p>\n\n\n\n<figure class=\"wp-block-image size-large\"><img decoding=\"async\" width=\"701\" height=\"857\" data-src=\"https:\/\/www.caririemacao.com\/1\/wp-content\/uploads\/2020\/05\/95968089_1779157578892441_6819571307634491392_n.jpg\" alt=\"\" class=\"wp-image-167999 lazyload\" data-srcset=\"https:\/\/www.caririemacao.com\/1\/wp-content\/uploads\/2020\/05\/95968089_1779157578892441_6819571307634491392_n.jpg 701w, https:\/\/www.caririemacao.com\/1\/wp-content\/uploads\/2020\/05\/95968089_1779157578892441_6819571307634491392_n-245x300.jpg 245w\" data-sizes=\"(max-width: 701px) 100vw, 701px\" src=\"data:image\/svg+xml;base64,PHN2ZyB3aWR0aD0iMSIgaGVpZ2h0PSIxIiB4bWxucz0iaHR0cDovL3d3dy53My5vcmcvMjAwMC9zdmciPjwvc3ZnPg==\" style=\"--smush-placeholder-width: 701px; --smush-placeholder-aspect-ratio: 701\/857;\" \/><\/figure>\n\n\n\n<figure class=\"wp-block-image size-large\"><img decoding=\"async\" width=\"1024\" height=\"1024\" data-src=\"https:\/\/www.caririemacao.com\/1\/wp-content\/uploads\/2020\/05\/95894104_1779157358892463_559154482231902208_o-1024x1024.jpg\" alt=\"\" class=\"wp-image-168000 lazyload\" data-srcset=\"https:\/\/www.caririemacao.com\/1\/wp-content\/uploads\/2020\/05\/95894104_1779157358892463_559154482231902208_o.jpg 1024w, https:\/\/www.caririemacao.com\/1\/wp-content\/uploads\/2020\/05\/95894104_1779157358892463_559154482231902208_o-300x300.jpg 300w, https:\/\/www.caririemacao.com\/1\/wp-content\/uploads\/2020\/05\/95894104_1779157358892463_559154482231902208_o-150x150.jpg 150w, https:\/\/www.caririemacao.com\/1\/wp-content\/uploads\/2020\/05\/95894104_1779157358892463_559154482231902208_o-768x768.jpg 768w\" data-sizes=\"(max-width: 1024px) 100vw, 1024px\" src=\"data:image\/svg+xml;base64,PHN2ZyB3aWR0aD0iMSIgaGVpZ2h0PSIxIiB4bWxucz0iaHR0cDovL3d3dy53My5vcmcvMjAwMC9zdmciPjwvc3ZnPg==\" style=\"--smush-placeholder-width: 1024px; --smush-placeholder-aspect-ratio: 1024\/1024;\" \/><\/figure>\n\n\n\n<figure class=\"wp-block-image size-large\"><img decoding=\"async\" width=\"1024\" height=\"1024\" data-src=\"https:\/\/www.caririemacao.com\/1\/wp-content\/uploads\/2020\/05\/95952689_1779157285559137_1501823954581454848_o-1024x1024.jpg\" alt=\"\" class=\"wp-image-168001 lazyload\" data-srcset=\"https:\/\/www.caririemacao.com\/1\/wp-content\/uploads\/2020\/05\/95952689_1779157285559137_1501823954581454848_o.jpg 1024w, https:\/\/www.caririemacao.com\/1\/wp-content\/uploads\/2020\/05\/95952689_1779157285559137_1501823954581454848_o-300x300.jpg 300w, https:\/\/www.caririemacao.com\/1\/wp-content\/uploads\/2020\/05\/95952689_1779157285559137_1501823954581454848_o-150x150.jpg 150w, https:\/\/www.caririemacao.com\/1\/wp-content\/uploads\/2020\/05\/95952689_1779157285559137_1501823954581454848_o-768x768.jpg 768w\" data-sizes=\"(max-width: 1024px) 100vw, 1024px\" src=\"data:image\/svg+xml;base64,PHN2ZyB3aWR0aD0iMSIgaGVpZ2h0PSIxIiB4bWxucz0iaHR0cDovL3d3dy53My5vcmcvMjAwMC9zdmciPjwvc3ZnPg==\" style=\"--smush-placeholder-width: 1024px; --smush-placeholder-aspect-ratio: 1024\/1024;\" \/><\/figure>\n\n\n\n<p>Ascom\/C\u00e2mara<\/p>\n","protected":false},"excerpt":{"rendered":"<p>A C\u00e2mara de Vereadores de Sum\u00e9 realizou na noite da \u00faltima ter\u00e7a-feira (05), uma reuni\u00e3o para discutir projetos e requerimentos. A sess\u00e3o foi fechada e&hellip; <\/p>\n","protected":false},"author":1,"featured_media":167990,"comment_status":"closed","ping_status":"closed","sticky":false,"template":"","format":"standard","meta":{"sfsi_plus_gutenberg_text_before_share":"","sfsi_plus_gutenberg_show_text_before_share":"","sfsi_plus_gutenberg_icon_type":"","sfsi_plus_gutenberg_icon_alignemt":"","sfsi_plus_gutenburg_max_per_row":"","footnotes":""},"categories":[6,50],"tags":[],"class_list":["post-167989","post","type-post","status-publish","format-standard","has-post-thumbnail","hentry","category-cidades","category-destaque"],"_links":{"self":[{"href":"https:\/\/www.caririemacao.com\/1\/wp-json\/wp\/v2\/posts\/167989","targetHints":{"allow":["GET"]}}],"collection":[{"href":"https:\/\/www.caririemacao.com\/1\/wp-json\/wp\/v2\/posts"}],"about":[{"href":"https:\/\/www.caririemacao.com\/1\/wp-json\/wp\/v2\/types\/post"}],"author":[{"embeddable":true,"href":"https:\/\/www.caririemacao.com\/1\/wp-json\/wp\/v2\/users\/1"}],"replies":[{"embeddable":true,"href":"https:\/\/www.caririemacao.com\/1\/wp-json\/wp\/v2\/comments?post=167989"}],"version-history":[{"count":2,"href":"https:\/\/www.caririemacao.com\/1\/wp-json\/wp\/v2\/posts\/167989\/revisions"}],"predecessor-version":[{"id":168059,"href":"https:\/\/www.caririemacao.com\/1\/wp-json\/wp\/v2\/posts\/167989\/revisions\/168059"}],"wp:featuredmedia":[{"embeddable":true,"href":"https:\/\/www.caririemacao.com\/1\/wp-json\/wp\/v2\/media\/167990"}],"wp:attachment":[{"href":"https:\/\/www.caririemacao.com\/1\/wp-json\/wp\/v2\/media?parent=167989"}],"wp:term":[{"taxonomy":"category","embeddable":true,"href":"https:\/\/www.caririemacao.com\/1\/wp-json\/wp\/v2\/categories?post=167989"},{"taxonomy":"post_tag","embeddable":true,"href":"https:\/\/www.caririemacao.com\/1\/wp-json\/wp\/v2\/tags?post=167989"}],"curies":[{"name":"wp","href":"https:\/\/api.w.org\/{rel}","templated":true}]}}