{"id":168004,"date":"2020-05-07T11:27:53","date_gmt":"2020-05-07T14:27:53","guid":{"rendered":"https:\/\/www.caririemacao.com\/1\/?p=168004"},"modified":"2020-05-07T11:27:53","modified_gmt":"2020-05-07T14:27:53","slug":"nao-posso-passar-por-cima-do-supremo-diz-bolsonaro-sobre-restricao-de-circulacao-determinada-por-governadores-e-prefeitos","status":"publish","type":"post","link":"https:\/\/www.caririemacao.com\/1\/2020\/05\/07\/nao-posso-passar-por-cima-do-supremo-diz-bolsonaro-sobre-restricao-de-circulacao-determinada-por-governadores-e-prefeitos\/","title":{"rendered":"&#8216;N\u00e3o posso passar por cima do Supremo&#8217;, diz Bolsonaro sobre restri\u00e7\u00e3o de circula\u00e7\u00e3o determinada por governadores e prefeitos"},"content":{"rendered":"\n<p>O presidente Jair Bolsonaro disse nesta quinta-feira que n\u00e3o pode \u201cpassar por cima do Supremo\u201d, em refer\u00eancia \u00e0 decis\u00e3o da Corte que delegou a estados e munic\u00edpios determinarem medidas restritivas de circula\u00e7\u00e3o em fun\u00e7\u00e3o da pandemia de coronav\u00edrus. Bolsonaro, que \u00e9 a favor da reabertura do com\u00e9rcio, respondeu a uma apoiadora que chamou de \u201cpalha\u00e7ada\u201d o posicionamento de governadores e do Supremo Tribunal Federal (STF).<\/p>\n\n\n\n<p>\u2013 A senhora falou aval do STF, verdade. Eu n\u00e3o posso passar por cima do Supremo. Inclusive, (os governadores e prefeitos) est\u00e3o aumentando as medidas protetivas. J\u00e1 est\u00e1 na casa de 10 milh\u00f5es de desempregados formais no Brasil. Brasil n\u00e3o est\u00e1 em crise ainda por causa dos R$ 600, sen\u00e3o o pessoal tava com fome a\u00ed, fazendo\u2026 \u2013 disse Bolsonaro, referindo-se ao aux\u00edlio emergencial pago pelo governo.<\/p>\n\n\n\n<p>Assim como em outras ocasi\u00f5es, o presidente procurou se desvencilhar do aumento do desemprego, que, segundo ele, \u00e9 responsabilidade de governadores e prefeitos que determinaram a suspens\u00e3o de atividades comerciais.&nbsp;<\/p>\n\n\n\n<p>Na ter\u00e7a-feira, Bolsonaro j\u00e1 havia afirmado que o desemprego havia chegado a um n\u00edvel \u201cinsustent\u00e1vel\u201d e que o aux\u00edlio do governo estava evitando uma onda de \u201csaques e viol\u00eancia\u201d. O presidente acrescentou que, se a atividade econ\u00f4mica n\u00e3o for retomada totalmente em dois meses, o pa\u00eds ter\u00e1 \u201cproblemas ser\u00edssimos\u201d.<\/p>\n\n\n\n<p>\u2013 J\u00e1 estou vendo mat\u00e9ria na imprensa sobre o desemprego. Daqui a pouco v\u00e3o dizer que eu sou respons\u00e1vel pelo desemprego \u2013 afirmou Bolsonaro.<\/p>\n","protected":false},"excerpt":{"rendered":"<p>O presidente Jair Bolsonaro disse nesta quinta-feira que n\u00e3o pode \u201cpassar por cima do Supremo\u201d, em refer\u00eancia \u00e0 decis\u00e3o da Corte que delegou a estados&hellip; <\/p>\n","protected":false},"author":2,"featured_media":166961,"comment_status":"closed","ping_status":"closed","sticky":false,"template":"","format":"standard","meta":{"sfsi_plus_gutenberg_text_before_share":"","sfsi_plus_gutenberg_show_text_before_share":"","sfsi_plus_gutenberg_icon_type":"","sfsi_plus_gutenberg_icon_alignemt":"","sfsi_plus_gutenburg_max_per_row":"","footnotes":""},"categories":[50,11],"tags":[],"class_list":["post-168004","post","type-post","status-publish","format-standard","has-post-thumbnail","hentry","category-destaque","category-politica"],"_links":{"self":[{"href":"https:\/\/www.caririemacao.com\/1\/wp-json\/wp\/v2\/posts\/168004","targetHints":{"allow":["GET"]}}],"collection":[{"href":"https:\/\/www.caririemacao.com\/1\/wp-json\/wp\/v2\/posts"}],"about":[{"href":"https:\/\/www.caririemacao.com\/1\/wp-json\/wp\/v2\/types\/post"}],"author":[{"embeddable":true,"href":"https:\/\/www.caririemacao.com\/1\/wp-json\/wp\/v2\/users\/2"}],"replies":[{"embeddable":true,"href":"https:\/\/www.caririemacao.com\/1\/wp-json\/wp\/v2\/comments?post=168004"}],"version-history":[{"count":1,"href":"https:\/\/www.caririemacao.com\/1\/wp-json\/wp\/v2\/posts\/168004\/revisions"}],"predecessor-version":[{"id":168005,"href":"https:\/\/www.caririemacao.com\/1\/wp-json\/wp\/v2\/posts\/168004\/revisions\/168005"}],"wp:featuredmedia":[{"embeddable":true,"href":"https:\/\/www.caririemacao.com\/1\/wp-json\/wp\/v2\/media\/166961"}],"wp:attachment":[{"href":"https:\/\/www.caririemacao.com\/1\/wp-json\/wp\/v2\/media?parent=168004"}],"wp:term":[{"taxonomy":"category","embeddable":true,"href":"https:\/\/www.caririemacao.com\/1\/wp-json\/wp\/v2\/categories?post=168004"},{"taxonomy":"post_tag","embeddable":true,"href":"https:\/\/www.caririemacao.com\/1\/wp-json\/wp\/v2\/tags?post=168004"}],"curies":[{"name":"wp","href":"https:\/\/api.w.org\/{rel}","templated":true}]}}