{"id":168007,"date":"2020-05-07T11:30:47","date_gmt":"2020-05-07T14:30:47","guid":{"rendered":"https:\/\/www.caririemacao.com\/1\/?p=168007"},"modified":"2020-05-07T12:58:12","modified_gmt":"2020-05-07T15:58:12","slug":"auxilio-emergencial-caixa-contrata-funcionarios-para-ampliar-atendimento","status":"publish","type":"post","link":"https:\/\/www.caririemacao.com\/1\/2020\/05\/07\/auxilio-emergencial-caixa-contrata-funcionarios-para-ampliar-atendimento\/","title":{"rendered":"Aux\u00edlio emergencial: Caixa contrata funcion\u00e1rios para ampliar atendimento"},"content":{"rendered":"\n<p>Ap\u00f3s o registro de filas e aglomera\u00e7\u00f5es em ag\u00eancias da Caixa Econ\u00f4mica, o presidente do banco, Pedro Guimar\u00e3es (foto), afirmou na quarta-feira (6) que os pagamentos da segunda parcela do aux\u00edlio emergencial de R$ 600 ser\u00e1 mais eficiente.<\/p>\n\n\n\n<p>O banco estrutura um cronograma com datas espa\u00e7adas para os repasses. De acordo com o executivo, as filas diminu\u00edram consideravelmente na maior parte das ag\u00eancias nesta ter\u00e7a e a tend\u00eancia \u00e9 que sigam reduzindo.<\/p>\n\n\n\n<p>O primeiro m\u00eas de pagamentos teve coincid\u00eancia de datas nos repasses feitos a mais de um grupo de pessoas, o que ampliou a demanda nos postos de atendimento. Houve, por exemplo, sobreposi\u00e7\u00e3o de pagamentos a benefici\u00e1rios do Bolsa Fam\u00edlia e a outros cadastrados.<\/p>\n\n\n\n<p>Membros do banco afirmam que isso ocorreu porque, a cada leva de benefici\u00e1rios aprovados para receber o aux\u00edlio, os pagamentos eram liberados poucas horas depois. A \u00fanica forma de evitar essas sobreposi\u00e7\u00f5es, afirmam, seria segurar o in\u00edcio dos repasses at\u00e9 maio, o que estava fora de cogita\u00e7\u00e3o.<\/p>\n\n\n\n<p>Sem informar quando ser\u00e3o feitos os pagamentos da segunda parcela do aux\u00edlio, o presidente da Caixa afirmou que a opera\u00e7\u00e3o ser\u00e1 facilitada porque o banco j\u00e1 tem um cadastro de benefici\u00e1rios organizado.<\/p>\n\n\n\n<p>\u201cO segundo lote de pagamentos ser\u00e1 feito de maneira mais eficientes porque j\u00e1 temos a base de pessoas que receber\u00e3o\u201d, disse em entrevista coletiva.<\/p>\n\n\n\n<p>Para reduzir aglomera\u00e7\u00f5es, a Caixa ampliou o hor\u00e1rio de atendimento f\u00edsico. As ag\u00eancias recebem clientes das 8h \u00e0s 14h e permanecem abertas at\u00e9 a sa\u00edda do \u00faltimo da fila. Aos s\u00e1bados, 2.100 ag\u00eancias ficam abertas, com funcionamento no mesmo hor\u00e1rio.<\/p>\n\n\n\n<p>O banco tamb\u00e9m informou que ampliou contrata\u00e7\u00f5es de recepcionistas e seguran\u00e7as para organizar as filas.<\/p>\n\n\n\n<p>\u201cN\u00f3s j\u00e1 normalizamos o atendimento. Filas foram eliminadas ou fortemente reduzidas. Pode haver algumas [ag\u00eancias] com maior volume, mas ser\u00e3o exce\u00e7\u00e3o, e n\u00e3o a regra\u201d, disse.<\/p>\n\n\n\n<p>Inicialmente, o governo chegou a informar que a segunda parcela do benef\u00edcio seria paga at\u00e9 o fim de abril. O prazo n\u00e3o foi cumprido.<\/p>\n\n\n\n<p>De acordo com Guimar\u00e3es, o novo cronograma est\u00e1 em discuss\u00e3o no Minist\u00e9rio da Cidadania. Procurada, a pasta n\u00e3o respondeu.<\/p>\n\n\n\n<p>A Caixa informou que, at\u00e9 o momento, 50 milh\u00f5es de pessoas receberam a primeira parcela do benef\u00edcio. Foram creditados R$ 35,5 bilh\u00f5es nas contas.<\/p>\n\n\n\n<p>Do total de benefici\u00e1rios, 19,2 milh\u00f5es s\u00e3o do Bolsa Fam\u00edlia, 10,5 milh\u00f5es est\u00e3o no cadastro de programas sociais do governo federal e 20,3 s\u00e3o informais cadastrados no site da Caixa.<\/p>\n\n\n\n<p>A expectativa inicial do governo era alcan\u00e7ar 54 milh\u00f5es de pessoas com o aux\u00edlio, mas o n\u00famero foi revisado para 70 milh\u00f5es. O custo previsto do programa foi ampliado de R$ 98 bilh\u00f5es para R$ 124 bilh\u00f5es.<\/p>\n\n\n\n<p>Guimar\u00e3es disse que a Caixa ainda n\u00e3o recebeu do governo novas informa\u00e7\u00f5es sobre os 12,4 milh\u00f5es de cadastrados que est\u00e3o com an\u00e1lise \u201cinconclusiva\u201d no sistema. Essas pessoas podem voltar ao aplicativo do banco para incluir ou corrigir dados.<\/p>\n\n\n\n<p>Segundo ele, assim que o governo enviar informa\u00e7\u00f5es dando aval para o pagamento desses cadastrados, os repasses ser\u00e3o feitos em at\u00e9 dois dias.<\/p>\n","protected":false},"excerpt":{"rendered":"<p>Ap\u00f3s o registro de filas e aglomera\u00e7\u00f5es em ag\u00eancias da Caixa Econ\u00f4mica, o presidente do banco, Pedro Guimar\u00e3es (foto), afirmou na quarta-feira (6) que os&hellip; <\/p>\n","protected":false},"author":2,"featured_media":168008,"comment_status":"closed","ping_status":"closed","sticky":false,"template":"","format":"standard","meta":{"sfsi_plus_gutenberg_text_before_share":"","sfsi_plus_gutenberg_show_text_before_share":"","sfsi_plus_gutenberg_icon_type":"","sfsi_plus_gutenberg_icon_alignemt":"","sfsi_plus_gutenburg_max_per_row":"","footnotes":""},"categories":[2],"tags":[],"class_list":["post-168007","post","type-post","status-publish","format-standard","has-post-thumbnail","hentry","category-geral"],"_links":{"self":[{"href":"https:\/\/www.caririemacao.com\/1\/wp-json\/wp\/v2\/posts\/168007","targetHints":{"allow":["GET"]}}],"collection":[{"href":"https:\/\/www.caririemacao.com\/1\/wp-json\/wp\/v2\/posts"}],"about":[{"href":"https:\/\/www.caririemacao.com\/1\/wp-json\/wp\/v2\/types\/post"}],"author":[{"embeddable":true,"href":"https:\/\/www.caririemacao.com\/1\/wp-json\/wp\/v2\/users\/2"}],"replies":[{"embeddable":true,"href":"https:\/\/www.caririemacao.com\/1\/wp-json\/wp\/v2\/comments?post=168007"}],"version-history":[{"count":2,"href":"https:\/\/www.caririemacao.com\/1\/wp-json\/wp\/v2\/posts\/168007\/revisions"}],"predecessor-version":[{"id":168060,"href":"https:\/\/www.caririemacao.com\/1\/wp-json\/wp\/v2\/posts\/168007\/revisions\/168060"}],"wp:featuredmedia":[{"embeddable":true,"href":"https:\/\/www.caririemacao.com\/1\/wp-json\/wp\/v2\/media\/168008"}],"wp:attachment":[{"href":"https:\/\/www.caririemacao.com\/1\/wp-json\/wp\/v2\/media?parent=168007"}],"wp:term":[{"taxonomy":"category","embeddable":true,"href":"https:\/\/www.caririemacao.com\/1\/wp-json\/wp\/v2\/categories?post=168007"},{"taxonomy":"post_tag","embeddable":true,"href":"https:\/\/www.caririemacao.com\/1\/wp-json\/wp\/v2\/tags?post=168007"}],"curies":[{"name":"wp","href":"https:\/\/api.w.org\/{rel}","templated":true}]}}