{"id":168011,"date":"2020-05-07T11:33:43","date_gmt":"2020-05-07T14:33:43","guid":{"rendered":"https:\/\/www.caririemacao.com\/1\/?p=168011"},"modified":"2020-05-07T11:33:43","modified_gmt":"2020-05-07T14:33:43","slug":"agevisa-libera-testes-rapidos-em-farmacias-para-deteccao-do-coronavirus","status":"publish","type":"post","link":"https:\/\/www.caririemacao.com\/1\/2020\/05\/07\/agevisa-libera-testes-rapidos-em-farmacias-para-deteccao-do-coronavirus\/","title":{"rendered":"Agevisa libera testes r\u00e1pidos em farm\u00e1cias para detec\u00e7\u00e3o do coronav\u00edrus"},"content":{"rendered":"\n<p>Os estabelecimentos farmac\u00eauticos em atividade na Para\u00edba que atendam \u00e0s exig\u00eancias estabelecidas na legisla\u00e7\u00e3o sanit\u00e1ria nacional est\u00e3o autorizados a realizar os testes r\u00e1pidos para a Covid-19 \u2013 doen\u00e7a causada pelo coronav\u00edrus no sistema respirat\u00f3rio humano.<\/p>\n\n\n\n<p>A autoriza\u00e7\u00e3o consta da Nota T\u00e9cnica n\u00ba 06\/2020, assinada pela diretora-geral da Ag\u00eancia Estadual de Vigil\u00e2ncia Sanit\u00e1ria, J\u00f3ria Viana Guerreiro, publicada nesta quarta-feira (06) e dispon\u00edvel no endere\u00e7o&nbsp;<a href=\"https:\/\/agevisa.pb.gov.br\/legislacao\" target=\"_blank\" rel=\"noreferrer noopener\">agevisa.pb.gov.br\/legislacao<\/a>.<\/p>\n\n\n\n<p>A Nota T\u00e9cnica 06\/2020-Agevisa\/PB revogou a NT n\u00ba 05\/2020, tamb\u00e9m da Agevisa, tomando por base a Resolu\u00e7\u00e3o de Diretoria Colegiada (RDC) n\u00ba 377\/2020, da Anvisa, que reviu o posicionamento do Sistema Nacional de Vigil\u00e2ncia Sanit\u00e1ria em rela\u00e7\u00e3o aos testes r\u00e1pidos para detec\u00e7\u00e3o da Covid-19, autorizando-os (em car\u00e1ter tempor\u00e1rio e excepcional, em todo o territ\u00f3rio nacional) at\u00e9 que seja reconhecido pelo Minist\u00e9rio da Sa\u00fade o t\u00e9rmino do estado de emerg\u00eancia em sa\u00fade p\u00fablica de import\u00e2ncia nacional declarado pela Portaria n\u00ba 188\/MS, de 04 de fevereiro de 2020.<\/p>\n\n\n\n<p>A vig\u00eancia da NT 06\/2020 est\u00e1 vinculada \u00e0 vig\u00eancia da RDC 377\/2020, da Anvisa, e cessar\u00e1 automaticamente com sua revoga\u00e7\u00e3o ou com o t\u00e9rmino da efic\u00e1cia do Decreto Estadual n\u00ba 40.122, de 13 de mar\u00e7o de 2020, que declarou Situa\u00e7\u00e3o de Emerg\u00eancia no Estado da Para\u00edba.<\/p>\n\n\n\n<p>Nos termos da Nota T\u00e9cnica 06\/2020\/Agevisa, os estabelecimentos que optarem pela realiza\u00e7\u00e3o dos testes r\u00e1pidos para a Covid-19 dever\u00e3o atender aos requisitos t\u00e9cnicos de seguran\u00e7a para a testagem constantes nas diretrizes estabelecidas pelas autoridades de sa\u00fade.<\/p>\n\n\n\n<p>Al\u00e9m disso, devem dispor de locais isolados e devidamente identificados; oferecer condi\u00e7\u00f5es de seguran\u00e7a para o consumidor, de modo a minimizar os riscos de contamina\u00e7\u00e3o; utilizar de estrat\u00e9gias para minimizar o contato pr\u00f3ximo entre funcion\u00e1rios e clientes, e tamb\u00e9m entre clientes, de forma a evitar aglomera\u00e7\u00f5es, e ainda fomentar o distanciamento social.<\/p>\n\n\n\n<p>O atendimento aos pacientes que busquem o teste r\u00e1pido para a Covid-19 nas farm\u00e1cias e drogarias somente poder\u00e1 ser realizado por farmac\u00eautico devidamente habilitado, cabendo ao mesmo, al\u00e9m de seguir as boas pr\u00e1ticas farmac\u00eauticas, entrevistar o solicitante em conson\u00e2ncia com as instru\u00e7\u00f5es de uso do teste comercializado e a sua respectiva janela imunol\u00f3gica, de forma a viabilizar a aplica\u00e7\u00e3o do teste espec\u00edfico ao paciente.<\/p>\n\n\n\n<p>A notifica\u00e7\u00e3o \u00e0s autoridades estaduais e municipais de sa\u00fade do quantitativo de testes realizados e seus respectivos resultados ser\u00e1 compuls\u00f3ria e imediata. As informa\u00e7\u00f5es referentes aos pacientes sintom\u00e1ticos respirat\u00f3rios, com testagem reagente, tem car\u00e1ter obrigat\u00f3rio, devendo ser encaminhada ao servi\u00e7o de Vigil\u00e2ncia Municipal, por meio do sistema e-SUS, mediante cadastro pr\u00e9vio de cada estabelecimento farmac\u00eautico (https:\/\/aps.saude.gov.br\/ape\/esus).<\/p>\n\n\n\n<p>Mediante termo de pactua\u00e7\u00e3o firmado entre a Agevisa\/PB e as respectivas Visas municipais, e consideradas as a\u00e7\u00f5es pactuadas para a realiza\u00e7\u00e3o de fiscaliza\u00e7\u00e3o sanit\u00e1ria em farm\u00e1cias, ficar\u00e1 sob a responsabilidade do munic\u00edpio pactuado o monitoramento e acionamento dos servi\u00e7os que estejam realizando ou terceirizando testes para SARS-COV- 2.<\/p>\n\n\n\n<p>Aos estabelecimentos farmac\u00eauticos que realizarem os testes r\u00e1pidos para Covid-19 caber\u00e1 o gerenciamento de todos os res\u00edduos provenientes da assist\u00eancia a pacientes e amostras suspeitas ou confirmadas de infec\u00e7\u00e3o pelo coronav\u00edrus.<\/p>\n\n\n\n<p>As orienta\u00e7\u00f5es aos pacientes ap\u00f3s a realiza\u00e7\u00e3o dos testes (de resultados positivos ou negativos) devem seguir as Diretrizes e os Protocolos estabelecidos pelo Minist\u00e9rio da Sa\u00fade e autoridades locais de sa\u00fade, para o correto manejo dos pacientes e informa\u00e7\u00f5es epidemiol\u00f3gicas.<\/p>\n","protected":false},"excerpt":{"rendered":"<p>Os estabelecimentos farmac\u00eauticos em atividade na Para\u00edba que atendam \u00e0s exig\u00eancias estabelecidas na legisla\u00e7\u00e3o sanit\u00e1ria nacional est\u00e3o autorizados a realizar os testes r\u00e1pidos para a&hellip; <\/p>\n","protected":false},"author":2,"featured_media":168012,"comment_status":"closed","ping_status":"closed","sticky":false,"template":"","format":"standard","meta":{"sfsi_plus_gutenberg_text_before_share":"","sfsi_plus_gutenberg_show_text_before_share":"","sfsi_plus_gutenberg_icon_type":"","sfsi_plus_gutenberg_icon_alignemt":"","sfsi_plus_gutenburg_max_per_row":"","footnotes":""},"categories":[16],"tags":[],"class_list":["post-168011","post","type-post","status-publish","format-standard","has-post-thumbnail","hentry","category-saude"],"_links":{"self":[{"href":"https:\/\/www.caririemacao.com\/1\/wp-json\/wp\/v2\/posts\/168011","targetHints":{"allow":["GET"]}}],"collection":[{"href":"https:\/\/www.caririemacao.com\/1\/wp-json\/wp\/v2\/posts"}],"about":[{"href":"https:\/\/www.caririemacao.com\/1\/wp-json\/wp\/v2\/types\/post"}],"author":[{"embeddable":true,"href":"https:\/\/www.caririemacao.com\/1\/wp-json\/wp\/v2\/users\/2"}],"replies":[{"embeddable":true,"href":"https:\/\/www.caririemacao.com\/1\/wp-json\/wp\/v2\/comments?post=168011"}],"version-history":[{"count":1,"href":"https:\/\/www.caririemacao.com\/1\/wp-json\/wp\/v2\/posts\/168011\/revisions"}],"predecessor-version":[{"id":168013,"href":"https:\/\/www.caririemacao.com\/1\/wp-json\/wp\/v2\/posts\/168011\/revisions\/168013"}],"wp:featuredmedia":[{"embeddable":true,"href":"https:\/\/www.caririemacao.com\/1\/wp-json\/wp\/v2\/media\/168012"}],"wp:attachment":[{"href":"https:\/\/www.caririemacao.com\/1\/wp-json\/wp\/v2\/media?parent=168011"}],"wp:term":[{"taxonomy":"category","embeddable":true,"href":"https:\/\/www.caririemacao.com\/1\/wp-json\/wp\/v2\/categories?post=168011"},{"taxonomy":"post_tag","embeddable":true,"href":"https:\/\/www.caririemacao.com\/1\/wp-json\/wp\/v2\/tags?post=168011"}],"curies":[{"name":"wp","href":"https:\/\/api.w.org\/{rel}","templated":true}]}}