{"id":168026,"date":"2020-05-07T12:03:31","date_gmt":"2020-05-07T15:03:31","guid":{"rendered":"https:\/\/www.caririemacao.com\/1\/?p=168026"},"modified":"2020-05-07T12:03:31","modified_gmt":"2020-05-07T15:03:31","slug":"flamengo-confirma-38-casos-de-coronavirus-sendo-tres-em-jogadores","status":"publish","type":"post","link":"https:\/\/www.caririemacao.com\/1\/2020\/05\/07\/flamengo-confirma-38-casos-de-coronavirus-sendo-tres-em-jogadores\/","title":{"rendered":"Flamengo confirma 38 casos de Coronav\u00edrus sendo tr\u00eas em jogadores"},"content":{"rendered":"\n<p>O Flamengo divulgou na noite desta quarta que ap\u00f3s a realiza\u00e7\u00e3o de testes em 293 pessoas do clube, 38 testaram positivo para o novo coronav\u00edrus. Tr\u00eas s\u00e3o jogadores do time profissional. Os nomes n\u00e3o foram revelados.<\/p>\n\n\n\n<p>O clube informou que as 38 pessoas infectadas pela Covid-19 s\u00e3o &#8220;positivos assintom\u00e1ticos&#8221;, e que 11 (sendo dois atletas) j\u00e1 haviam tido contato com o v\u00edrus previamente, sem sintomas, e se encontram com anticorpos IGG positivos.<\/p>\n\n\n\n<p><strong>Os testes em detalhes:<\/strong><\/p>\n\n\n\n<ul class=\"wp-block-list\"><li>Tr\u00eas jogadores<\/li><li>Dois jogadores que tiveram contato com o v\u00edrus e t\u00eam anticorpos IGG positivos<\/li><li>Seis funcion\u00e1rios do grupo de apoio<\/li><li>Dois funcion\u00e1rios de empresas terceirizadas<\/li><li>25 familiares ou pessoas que trabalham em resid\u00eancias de funcion\u00e1rios e jogadores<\/li><li>Jogadores e funcion\u00e1rios que tiveram exame positivo entrar\u00e3o em quarentena e ter\u00e3o supervis\u00e3o do clube. Quando os testes derem negativos, ser\u00e3o reintegrados ao trabalho.<\/li><\/ul>\n\n\n\n<p>Na \u00faltima segunda-feira, Jorginho, massagista do clube h\u00e1 40 anos, morreu v\u00edtima do coronav\u00edrus. Ele tinha 68 anos.<\/p>\n\n\n\n<p>No dia 16 de mar\u00e7o, o Flamengo anunciou que o exame do t\u00e9cnico Jorge Jesus deu resultado &#8220;positivo fraco ou inconclusivo&#8221;, porque o primeiro exame acusou a presen\u00e7a do v\u00edrus, o que n\u00e3o ocorreu na contraprova. Por isso, o treinador fez um terceiro exame, que deu resultado negativo no dia 18 de mar\u00e7o. Naquela ocasi\u00e3o, os jogadores tamb\u00e9m foram testados e deram negativo.<\/p>\n\n\n\n<p><strong>Confira o comunicado do clube:<\/strong><\/p>\n\n\n\n<p><em>&#8220;Flamengo recebe resultados dos exames da COVID-19 no Departamento de Futebol<\/em><\/p>\n\n\n\n<p><em>Clube testou 293 pessoas, entre todos os colaboradores da \u00e1rea e empregados e familiares pr\u00f3ximos de jogadores e funcion\u00e1rios<\/em><\/p>\n\n\n\n<p><em>O Clube de Regatas do Flamengo, de forma a garantir a maior seguran\u00e7a de seus atletas, comiss\u00e3o t\u00e9cnica e funcion\u00e1rios do Departamento de Futebol, realizou uma ampla mobiliza\u00e7\u00e3o para efetuar testes do novo coronav\u00edrus, que causa a COVID-19.<\/em><\/p>\n\n\n\n<p><em>Entre os dias 30 de abril e 3 de maio, foram realizados 293 testes alcan\u00e7ando, al\u00e9m de 100% de todos estes colaboradores, muitos familiares pr\u00f3ximos dos jogadores.<\/em><\/p>\n\n\n\n<p><em>Estes exames na totalidade do elenco e nos colaboradores est\u00e3o em linha com as melhores pr\u00e1ticas recomendadas pela OMS, superando inclusive o que acontece em pa\u00edses de maior sucesso no combate \u00e0 pandemia.<\/em><\/p>\n\n\n\n<p><em>Os resultados dos exames sa\u00edram nesta ter\u00e7a-feira (6), sendo:<\/em><\/p>\n\n\n\n<p><em>1. Das 293 pessoas testadas, 38 testaram positivo, mesmo sem sintomas, sendo os chamados &#8220;positivos assintom\u00e1ticos&#8221;. Foram detectadas 11 pessoas que j\u00e1 tinham tido o contato com o v\u00edrus previamente, sem sintomas, e j\u00e1 se encontravam com anticorpos IGG positivos.<\/em><\/p>\n\n\n\n<p><em>2. Dos 38 que mostraram rea\u00e7\u00e3o ao v\u00edrus, tivemos seis funcion\u00e1rios do grupo de apoio do Flamengo, dois funcion\u00e1rios de empresas terceirizadas que prestam servi\u00e7os regulares para o clube, 25 familiares ou pessoas que trabalham em resid\u00eancias de funcion\u00e1rios e jogadores e tr\u00eas atletas do elenco principal; outros dois jogadores apresentaram anticorpos IGG positivos.<\/em><\/p>\n\n\n\n<p><em>Para os que testaram positivo, todos assintom\u00e1ticos, as provid\u00eancias ser\u00e3o isolamento e quarentena, acompanhamento di\u00e1rio com question\u00e1rios sobre sinais vitais e evolu\u00e7\u00e3o, al\u00e9m de novas dosagens seriadas dos pacientes e contactantes at\u00e9 a resolu\u00e7\u00e3o dos casos.<\/em><\/p>\n\n\n\n<p><em>Os atletas que tiveram familiares ou funcion\u00e1rios com testes positivos entrar\u00e3o em quarentena, com acompanhamento di\u00e1rio com question\u00e1rios sobre sinais da doen\u00e7a e novas testagens. Em caso de novos testes negativos, ser\u00e3o integrados ao trabalho em prazo seguro ou, em caso de testagem positiva, seguir\u00e3o, a partir de ent\u00e3o, o padr\u00e3o de conduta dos que j\u00e1 testaram positivo.<\/em><\/p>\n\n\n\n<p><em>Por fim, o Flamengo reafirma que est\u00e1 trabalhando em total sintonia com as autoridades governamentais de forma a, com toda a responsabilidade e seguran\u00e7a, colaborar com o importante retorno \u00e0s atividades do futebol no menor prazo poss\u00edvel.&#8221;<\/em><\/p>\n","protected":false},"excerpt":{"rendered":"<p>O Flamengo divulgou na noite desta quarta que ap\u00f3s a realiza\u00e7\u00e3o de testes em 293 pessoas do clube, 38 testaram positivo para o novo coronav\u00edrus.&hellip; <\/p>\n","protected":false},"author":2,"featured_media":168027,"comment_status":"closed","ping_status":"closed","sticky":false,"template":"","format":"standard","meta":{"sfsi_plus_gutenberg_text_before_share":"","sfsi_plus_gutenberg_show_text_before_share":"","sfsi_plus_gutenberg_icon_type":"","sfsi_plus_gutenberg_icon_alignemt":"","sfsi_plus_gutenburg_max_per_row":"","footnotes":""},"categories":[13],"tags":[],"class_list":["post-168026","post","type-post","status-publish","format-standard","has-post-thumbnail","hentry","category-esportes"],"_links":{"self":[{"href":"https:\/\/www.caririemacao.com\/1\/wp-json\/wp\/v2\/posts\/168026","targetHints":{"allow":["GET"]}}],"collection":[{"href":"https:\/\/www.caririemacao.com\/1\/wp-json\/wp\/v2\/posts"}],"about":[{"href":"https:\/\/www.caririemacao.com\/1\/wp-json\/wp\/v2\/types\/post"}],"author":[{"embeddable":true,"href":"https:\/\/www.caririemacao.com\/1\/wp-json\/wp\/v2\/users\/2"}],"replies":[{"embeddable":true,"href":"https:\/\/www.caririemacao.com\/1\/wp-json\/wp\/v2\/comments?post=168026"}],"version-history":[{"count":1,"href":"https:\/\/www.caririemacao.com\/1\/wp-json\/wp\/v2\/posts\/168026\/revisions"}],"predecessor-version":[{"id":168028,"href":"https:\/\/www.caririemacao.com\/1\/wp-json\/wp\/v2\/posts\/168026\/revisions\/168028"}],"wp:featuredmedia":[{"embeddable":true,"href":"https:\/\/www.caririemacao.com\/1\/wp-json\/wp\/v2\/media\/168027"}],"wp:attachment":[{"href":"https:\/\/www.caririemacao.com\/1\/wp-json\/wp\/v2\/media?parent=168026"}],"wp:term":[{"taxonomy":"category","embeddable":true,"href":"https:\/\/www.caririemacao.com\/1\/wp-json\/wp\/v2\/categories?post=168026"},{"taxonomy":"post_tag","embeddable":true,"href":"https:\/\/www.caririemacao.com\/1\/wp-json\/wp\/v2\/tags?post=168026"}],"curies":[{"name":"wp","href":"https:\/\/api.w.org\/{rel}","templated":true}]}}