{"id":168038,"date":"2020-05-07T12:26:32","date_gmt":"2020-05-07T15:26:32","guid":{"rendered":"https:\/\/www.caririemacao.com\/1\/?p=168038"},"modified":"2020-05-07T12:26:32","modified_gmt":"2020-05-07T15:26:32","slug":"acude-de-boqueirao-ultrapassa-70-de-sua-capacidade-total-e-fica-a-339-metros-para-a-sangria","status":"publish","type":"post","link":"https:\/\/www.caririemacao.com\/1\/2020\/05\/07\/acude-de-boqueirao-ultrapassa-70-de-sua-capacidade-total-e-fica-a-339-metros-para-a-sangria\/","title":{"rendered":"A\u00e7ude de Boqueir\u00e3o ultrapassa 70% de sua capacidade total e fica a 3,39 metros para a sangria"},"content":{"rendered":"\n<p>O a\u00e7ude Epit\u00e1cio Pessoa, mais conhecido como \u201cBoqueir\u00e3o\u201d localizado no Cariri da Para\u00edba j\u00e1 acumula 70,1% da capacidade total.<\/p>\n\n\n\n<p>De acordo com os dados oficiais do DNOCS, o manancial amanheceu nesta \u00faltima quarta-feira, 06, com o volume de 327.225.452 m3.<\/p>\n\n\n\n<p>Em 24 horas, o manancial registrou o aumento de 4 cm na l\u00e2mina d\u2019\u00e1gua, correspondendo a um aporte h\u00eddrico de 1.426.030 m3, faltando apenas 3,39 metros na l\u00e2mina d\u2019\u00e1gua para atingir a sangria.<\/p>\n\n\n\n<p>N\u00fameros que trazem tranquilidade para Campina Grande e mais 19 munic\u00edpios que s\u00e3o abastecidos pelo reservat\u00f3rio.<\/p>\n\n\n\n<p>A expectativa \u00e9 de que o a\u00e7ude de Boqueir\u00e3o chegue \u00e0 capacidade total ainda em 2020, depois de nove anos, devido \u00e0s chuvas. Segundo a meteorologista da Ag\u00eancia Executiva de Gest\u00e3o das \u00c1guas da Para\u00edba (Aesa), Marle Bandeira, as chuvas est\u00e3o dentro do per\u00edodo esperado, de fevereiro a maio.<\/p>\n\n\n\n<p>\u201cO importante \u00e9 acompanhar a previs\u00e3o do tempo, essa previs\u00e3o vai indicar onde ocorrem as chuvas. Caindo na bacia de contribuidores o a\u00e7ude, ter\u00e1 mais recarga de \u00e1guas\u201d, disse.<\/p>\n\n\n\n<p><strong>De Olho no Cariri<\/strong><\/p>\n","protected":false},"excerpt":{"rendered":"<p>O a\u00e7ude Epit\u00e1cio Pessoa, mais conhecido como \u201cBoqueir\u00e3o\u201d localizado no Cariri da Para\u00edba j\u00e1 acumula 70,1% da capacidade total. De acordo com os dados oficiais&hellip; <\/p>\n","protected":false},"author":1,"featured_media":168039,"comment_status":"closed","ping_status":"closed","sticky":false,"template":"","format":"standard","meta":{"sfsi_plus_gutenberg_text_before_share":"","sfsi_plus_gutenberg_show_text_before_share":"","sfsi_plus_gutenberg_icon_type":"","sfsi_plus_gutenberg_icon_alignemt":"","sfsi_plus_gutenburg_max_per_row":"","footnotes":""},"categories":[6],"tags":[],"class_list":["post-168038","post","type-post","status-publish","format-standard","has-post-thumbnail","hentry","category-cidades"],"_links":{"self":[{"href":"https:\/\/www.caririemacao.com\/1\/wp-json\/wp\/v2\/posts\/168038","targetHints":{"allow":["GET"]}}],"collection":[{"href":"https:\/\/www.caririemacao.com\/1\/wp-json\/wp\/v2\/posts"}],"about":[{"href":"https:\/\/www.caririemacao.com\/1\/wp-json\/wp\/v2\/types\/post"}],"author":[{"embeddable":true,"href":"https:\/\/www.caririemacao.com\/1\/wp-json\/wp\/v2\/users\/1"}],"replies":[{"embeddable":true,"href":"https:\/\/www.caririemacao.com\/1\/wp-json\/wp\/v2\/comments?post=168038"}],"version-history":[{"count":1,"href":"https:\/\/www.caririemacao.com\/1\/wp-json\/wp\/v2\/posts\/168038\/revisions"}],"predecessor-version":[{"id":168040,"href":"https:\/\/www.caririemacao.com\/1\/wp-json\/wp\/v2\/posts\/168038\/revisions\/168040"}],"wp:featuredmedia":[{"embeddable":true,"href":"https:\/\/www.caririemacao.com\/1\/wp-json\/wp\/v2\/media\/168039"}],"wp:attachment":[{"href":"https:\/\/www.caririemacao.com\/1\/wp-json\/wp\/v2\/media?parent=168038"}],"wp:term":[{"taxonomy":"category","embeddable":true,"href":"https:\/\/www.caririemacao.com\/1\/wp-json\/wp\/v2\/categories?post=168038"},{"taxonomy":"post_tag","embeddable":true,"href":"https:\/\/www.caririemacao.com\/1\/wp-json\/wp\/v2\/tags?post=168038"}],"curies":[{"name":"wp","href":"https:\/\/api.w.org\/{rel}","templated":true}]}}