{"id":168041,"date":"2020-05-07T12:34:07","date_gmt":"2020-05-07T15:34:07","guid":{"rendered":"https:\/\/www.caririemacao.com\/1\/?p=168041"},"modified":"2020-05-07T12:34:07","modified_gmt":"2020-05-07T15:34:07","slug":"mesmo-com-a-possibilidade-de-um-lockdown-populacao-da-paraiba-ignora-recomendacoes","status":"publish","type":"post","link":"https:\/\/www.caririemacao.com\/1\/2020\/05\/07\/mesmo-com-a-possibilidade-de-um-lockdown-populacao-da-paraiba-ignora-recomendacoes\/","title":{"rendered":"Mesmo com a possibilidade de um lockdown popula\u00e7\u00e3o da Para\u00edba ignora recomenda\u00e7\u00f5es"},"content":{"rendered":"\n<p>Apesar da recomenda\u00e7\u00e3o de distanciamento social feita pela Secretaria de Estado da Sa\u00fade da Para\u00edba (SES) para que n\u00e3o haja a pr\u00e1tica de exerc\u00edcios f\u00edsicos em locais p\u00fablicos, muitas pessoas continuam caminhando nas proximidades do Est\u00e1dio Almeid\u00e3o, em Jo\u00e3o Pessoa, e no A\u00e7ude Velho, em Campina Grande.<\/p>\n\n\n\n<p>Dezenas de pessoas caminham sem m\u00e1scaras e at\u00e9 em grupo, conforme flagrantes. De acordo com as recomenda\u00e7\u00f5es da Secretaria de Sa\u00fade publicadas em uma rede social, as pessoas s\u00f3 devem sair de casa para atividades essenciais ou em casos emergenciais, com uso de m\u00e1scara de prote\u00e7\u00e3o e higieniza\u00e7\u00e3o das m\u00e3os.<\/p>\n\n\n\n<p>De acordo com a SES, estudos apontam que ao caminhar ou correr, uma pessoa pode exalar ou inalar microgot\u00edculas contendo o novo coronav\u00edrus num raio de at\u00e9 10 metros e que testes anteriores, realizados em condi\u00e7\u00f5es de laborat\u00f3rio por cientistas da Universidade da Calif\u00f3rnia e do NIAID (Instituto Nacional de Alergia e Doen\u00e7as Infecciosas dos EUA), identificaram que o v\u00edrus pode ficar at\u00e9 tr\u00eas horas suspenso no ar.<\/p>\n\n\n\n<figure class=\"wp-block-image\"><img decoding=\"async\" data-src=\"https:\/\/i0.wp.com\/s2.glbimg.com\/4dSCt-ST05P_9w0My8mNjwuO3x4=\/0x0:1920x894\/984x0\/smart\/filters:strip_icc()\/i.s3.glbimg.com\/v1\/AUTH_59edd422c0c84a879bd37670ae4f538a\/internal_photos\/bs\/2020\/I\/v\/qy8cSxQfyJfc0BsRMQOw\/jpb1-20200506-almeidaoparque.jpg?w=708&amp;ssl=1\" alt=\"Popula\u00e7\u00e3o pratica exerc\u00edcios ao ar livre em Jo\u00e3o Pessoa, mesmo com decreto proibindo \u2014 Foto: TV Cabo Branco\/Reprodu\u00e7\u00e3o\" title=\"Popula\u00e7\u00e3o pratica exerc\u00edcios ao ar livre em Jo\u00e3o Pessoa, mesmo com decreto proibindo \u2014 Foto: TV Cabo Branco\/Reprodu\u00e7\u00e3o\" src=\"data:image\/svg+xml;base64,PHN2ZyB3aWR0aD0iMSIgaGVpZ2h0PSIxIiB4bWxucz0iaHR0cDovL3d3dy53My5vcmcvMjAwMC9zdmciPjwvc3ZnPg==\" class=\"lazyload\" \/><\/figure>\n\n\n\n<p>Popula\u00e7\u00e3o pratica exerc\u00edcios ao ar livre em Jo\u00e3o Pessoa, mesmo com decreto proibindo \u2014 Foto: TV Cabo Branco\/Reprodu\u00e7\u00e3o<\/p>\n\n\n\n<p>Em Jo\u00e3o Pessoa, o isolamento social \u00e9 mais que uma recomenda\u00e7\u00e3o. A prefeitura determinou, atrav\u00e9s de um decreto,&nbsp;o fechamento do acesso \u00e0s praias, ao cal\u00e7ad\u00e3o das avenidas da orla e aos parques municipais at\u00e9 o dia 18 de maio,&nbsp;como mais uma medida restritiva de circula\u00e7\u00e3o como forma de combate \u00e0 dissemina\u00e7\u00e3o do novo coronav\u00edrus (Covid-19) no munic\u00edpio.<\/p>\n\n\n\n<p>Ainda assim, pessoas foram flagradas fazendo exerc\u00edcio f\u00edsico no estacionamento do Est\u00e1dio Almeid\u00e3o, no bairro do Cristo Redentor e no Parque Parahyba, no bairro do Bessa na ter\u00e7a-feira (5). A Pol\u00edcia Militar e a Guarda Municipal est\u00e3o realizando rondas na cidade para orientar a popula\u00e7\u00e3o.<\/p>\n\n\n\n<p>Na mesma semana,&nbsp;a Prefeitura de Cabedelo, na Grande Jo\u00e3o Pessoa, tamb\u00e9m determinou o fechamento de praias, cal\u00e7ad\u00f5es na orla e pra\u00e7as&nbsp;por meio de decreto.<\/p>\n\n\n\n<figure class=\"wp-block-image\"><img decoding=\"async\" data-src=\"https:\/\/i1.wp.com\/s02.video.glbimg.com\/x720\/8534185.jpg?w=708&amp;ssl=1\" alt=\"Isolamento social em Campina Grande; moradores caminham \u00e0s marges do A\u00e7ude Velho\" title=\"Isolamento social em Campina Grande; moradores caminham \u00e0s marges do A\u00e7ude Velho\" src=\"data:image\/svg+xml;base64,PHN2ZyB3aWR0aD0iMSIgaGVpZ2h0PSIxIiB4bWxucz0iaHR0cDovL3d3dy53My5vcmcvMjAwMC9zdmciPjwvc3ZnPg==\" class=\"lazyload\" \/><\/figure>\n\n\n\n<p>Com Expresso PB<\/p>\n","protected":false},"excerpt":{"rendered":"<p>Apesar da recomenda\u00e7\u00e3o de distanciamento social feita pela Secretaria de Estado da Sa\u00fade da Para\u00edba (SES) para que n\u00e3o haja a pr\u00e1tica de exerc\u00edcios f\u00edsicos&hellip; <\/p>\n","protected":false},"author":1,"featured_media":168042,"comment_status":"closed","ping_status":"closed","sticky":false,"template":"","format":"standard","meta":{"sfsi_plus_gutenberg_text_before_share":"","sfsi_plus_gutenberg_show_text_before_share":"","sfsi_plus_gutenberg_icon_type":"","sfsi_plus_gutenberg_icon_alignemt":"","sfsi_plus_gutenburg_max_per_row":"","footnotes":""},"categories":[6],"tags":[],"class_list":["post-168041","post","type-post","status-publish","format-standard","has-post-thumbnail","hentry","category-cidades"],"_links":{"self":[{"href":"https:\/\/www.caririemacao.com\/1\/wp-json\/wp\/v2\/posts\/168041","targetHints":{"allow":["GET"]}}],"collection":[{"href":"https:\/\/www.caririemacao.com\/1\/wp-json\/wp\/v2\/posts"}],"about":[{"href":"https:\/\/www.caririemacao.com\/1\/wp-json\/wp\/v2\/types\/post"}],"author":[{"embeddable":true,"href":"https:\/\/www.caririemacao.com\/1\/wp-json\/wp\/v2\/users\/1"}],"replies":[{"embeddable":true,"href":"https:\/\/www.caririemacao.com\/1\/wp-json\/wp\/v2\/comments?post=168041"}],"version-history":[{"count":1,"href":"https:\/\/www.caririemacao.com\/1\/wp-json\/wp\/v2\/posts\/168041\/revisions"}],"predecessor-version":[{"id":168043,"href":"https:\/\/www.caririemacao.com\/1\/wp-json\/wp\/v2\/posts\/168041\/revisions\/168043"}],"wp:featuredmedia":[{"embeddable":true,"href":"https:\/\/www.caririemacao.com\/1\/wp-json\/wp\/v2\/media\/168042"}],"wp:attachment":[{"href":"https:\/\/www.caririemacao.com\/1\/wp-json\/wp\/v2\/media?parent=168041"}],"wp:term":[{"taxonomy":"category","embeddable":true,"href":"https:\/\/www.caririemacao.com\/1\/wp-json\/wp\/v2\/categories?post=168041"},{"taxonomy":"post_tag","embeddable":true,"href":"https:\/\/www.caririemacao.com\/1\/wp-json\/wp\/v2\/tags?post=168041"}],"curies":[{"name":"wp","href":"https:\/\/api.w.org\/{rel}","templated":true}]}}