{"id":168051,"date":"2020-05-07T12:44:24","date_gmt":"2020-05-07T15:44:24","guid":{"rendered":"https:\/\/www.caririemacao.com\/1\/?p=168051"},"modified":"2020-05-07T12:44:24","modified_gmt":"2020-05-07T15:44:24","slug":"prefeitura-de-sao-sebastiao-do-umbuzeiro-divulga-boletim-sobre-o-covid-19","status":"publish","type":"post","link":"https:\/\/www.caririemacao.com\/1\/2020\/05\/07\/prefeitura-de-sao-sebastiao-do-umbuzeiro-divulga-boletim-sobre-o-covid-19\/","title":{"rendered":"Prefeitura de S\u00e3o Sebasti\u00e3o do Umbuzeiro divulga boletim sobre o Covid-19"},"content":{"rendered":"\n<p>A Prefeitura de S\u00e3o Sebasti\u00e3o do Umbuzeiro, atrav\u00e9s da Secretaria de Sa\u00fade do munic\u00edpio, divulgou nesta quinta-feira (07) um boletim epidemiol\u00f3gico sobre o coronav\u00edrus.<\/p>\n\n\n\n<p>De acordo com a Secretaria, o munic\u00edpio n\u00e3o tem nenhum caso suspeito e nem confirmado da doen\u00e7a. A Secretaria monitora 02 casos de s\u00edndrome gripal, e j\u00e1 descartou 04 casos de s\u00edndrome gripal, e realiza o acompanhamento de 12 viajantes que chegaram na cidade.<\/p>\n\n\n\n<p>A Prefeitura Municipal tem adotado desde o in\u00edcio da pandemia v\u00e1rias medidas de combate e preven\u00e7\u00e3o da doen\u00e7a, como o isolamento social, quarentena para casos suspeitos, barreiras sanit\u00e1rias, uso obrigat\u00f3rio de m\u00e1scaras, entre outros.<\/p>\n\n\n\n<p>Com Cariri da Gente<\/p>\n","protected":false},"excerpt":{"rendered":"<p>A Prefeitura de S\u00e3o Sebasti\u00e3o do Umbuzeiro, atrav\u00e9s da Secretaria de Sa\u00fade do munic\u00edpio, divulgou nesta quinta-feira (07) um boletim epidemiol\u00f3gico sobre o coronav\u00edrus. De&hellip; <\/p>\n","protected":false},"author":1,"featured_media":168053,"comment_status":"closed","ping_status":"closed","sticky":false,"template":"","format":"standard","meta":{"sfsi_plus_gutenberg_text_before_share":"","sfsi_plus_gutenberg_show_text_before_share":"","sfsi_plus_gutenberg_icon_type":"","sfsi_plus_gutenberg_icon_alignemt":"","sfsi_plus_gutenburg_max_per_row":"","footnotes":""},"categories":[6],"tags":[],"class_list":["post-168051","post","type-post","status-publish","format-standard","has-post-thumbnail","hentry","category-cidades"],"_links":{"self":[{"href":"https:\/\/www.caririemacao.com\/1\/wp-json\/wp\/v2\/posts\/168051","targetHints":{"allow":["GET"]}}],"collection":[{"href":"https:\/\/www.caririemacao.com\/1\/wp-json\/wp\/v2\/posts"}],"about":[{"href":"https:\/\/www.caririemacao.com\/1\/wp-json\/wp\/v2\/types\/post"}],"author":[{"embeddable":true,"href":"https:\/\/www.caririemacao.com\/1\/wp-json\/wp\/v2\/users\/1"}],"replies":[{"embeddable":true,"href":"https:\/\/www.caririemacao.com\/1\/wp-json\/wp\/v2\/comments?post=168051"}],"version-history":[{"count":1,"href":"https:\/\/www.caririemacao.com\/1\/wp-json\/wp\/v2\/posts\/168051\/revisions"}],"predecessor-version":[{"id":168054,"href":"https:\/\/www.caririemacao.com\/1\/wp-json\/wp\/v2\/posts\/168051\/revisions\/168054"}],"wp:featuredmedia":[{"embeddable":true,"href":"https:\/\/www.caririemacao.com\/1\/wp-json\/wp\/v2\/media\/168053"}],"wp:attachment":[{"href":"https:\/\/www.caririemacao.com\/1\/wp-json\/wp\/v2\/media?parent=168051"}],"wp:term":[{"taxonomy":"category","embeddable":true,"href":"https:\/\/www.caririemacao.com\/1\/wp-json\/wp\/v2\/categories?post=168051"},{"taxonomy":"post_tag","embeddable":true,"href":"https:\/\/www.caririemacao.com\/1\/wp-json\/wp\/v2\/tags?post=168051"}],"curies":[{"name":"wp","href":"https:\/\/api.w.org\/{rel}","templated":true}]}}