{"id":168052,"date":"2020-05-07T12:46:31","date_gmt":"2020-05-07T15:46:31","guid":{"rendered":"https:\/\/www.caririemacao.com\/1\/?p=168052"},"modified":"2020-05-07T12:46:31","modified_gmt":"2020-05-07T15:46:31","slug":"bolsonaro-ultrapassa-temer-e-collor-em-pedidos-de-impeachment","status":"publish","type":"post","link":"https:\/\/www.caririemacao.com\/1\/2020\/05\/07\/bolsonaro-ultrapassa-temer-e-collor-em-pedidos-de-impeachment\/","title":{"rendered":"Bolsonaro ultrapassa Temer e Collor em pedidos de impeachment"},"content":{"rendered":"\n<p>Pouco mais de um ano e quatro meses de governo,&nbsp;Jair Bolsonaro&nbsp;j\u00e1 ultrapassou Michel Temer e Fernando Collor no n\u00famero de pedidos que pedem seu&nbsp;impeachment&nbsp;.<\/p>\n\n\n\n<p>At\u00e9 a tarde, o presidente havia sido alvo de 33 solicita\u00e7\u00f5es, contra 31 em desfavor de Temer e 29 de Collor <\/p>\n\n\n\n<p>Dos 33 pedidos contra Bolsonaro, 32 aguardam a an\u00e1lise de Rodrigo Maia e um foi arquivado pelo presidente da C\u00e2mara.<\/p>\n\n\n\n<p>O \u00faltimo foi apresentado nesta ter\u00e7a-feira pelo presidente da Associa\u00e7\u00e3o Brasileira de Imprensa. O documento afirma que Bolsonaro cometeu crime de responsabilidade ao participar de uma manifesta\u00e7\u00e3o em frente ao Quartel-General do Ex\u00e9rcito e menciona as acusa\u00e7\u00f5es feitas por Sergio Moro de tentativa de interfer\u00eancia na Pol\u00edcia Federal.<\/p>\n\n\n\n<p>Outras tr\u00eas solicita\u00e7\u00f5es contra Bolsonaro foram descartadas pela C\u00e2mara devido a erro nas assinaturas digitais dos autores ou porque foram retiradas por quem as apresentou.<\/p>\n\n\n\n<p><strong>(Por Naomi Matsui)<\/strong><\/p>\n","protected":false},"excerpt":{"rendered":"<p>Pouco mais de um ano e quatro meses de governo,&nbsp;Jair Bolsonaro&nbsp;j\u00e1 ultrapassou Michel Temer e Fernando Collor no n\u00famero de pedidos que pedem seu&nbsp;impeachment&nbsp;. At\u00e9&hellip; <\/p>\n","protected":false},"author":2,"featured_media":166694,"comment_status":"closed","ping_status":"closed","sticky":false,"template":"","format":"standard","meta":{"sfsi_plus_gutenberg_text_before_share":"","sfsi_plus_gutenberg_show_text_before_share":"","sfsi_plus_gutenberg_icon_type":"","sfsi_plus_gutenberg_icon_alignemt":"","sfsi_plus_gutenburg_max_per_row":"","footnotes":""},"categories":[11],"tags":[],"class_list":["post-168052","post","type-post","status-publish","format-standard","has-post-thumbnail","hentry","category-politica"],"_links":{"self":[{"href":"https:\/\/www.caririemacao.com\/1\/wp-json\/wp\/v2\/posts\/168052","targetHints":{"allow":["GET"]}}],"collection":[{"href":"https:\/\/www.caririemacao.com\/1\/wp-json\/wp\/v2\/posts"}],"about":[{"href":"https:\/\/www.caririemacao.com\/1\/wp-json\/wp\/v2\/types\/post"}],"author":[{"embeddable":true,"href":"https:\/\/www.caririemacao.com\/1\/wp-json\/wp\/v2\/users\/2"}],"replies":[{"embeddable":true,"href":"https:\/\/www.caririemacao.com\/1\/wp-json\/wp\/v2\/comments?post=168052"}],"version-history":[{"count":2,"href":"https:\/\/www.caririemacao.com\/1\/wp-json\/wp\/v2\/posts\/168052\/revisions"}],"predecessor-version":[{"id":168056,"href":"https:\/\/www.caririemacao.com\/1\/wp-json\/wp\/v2\/posts\/168052\/revisions\/168056"}],"wp:featuredmedia":[{"embeddable":true,"href":"https:\/\/www.caririemacao.com\/1\/wp-json\/wp\/v2\/media\/166694"}],"wp:attachment":[{"href":"https:\/\/www.caririemacao.com\/1\/wp-json\/wp\/v2\/media?parent=168052"}],"wp:term":[{"taxonomy":"category","embeddable":true,"href":"https:\/\/www.caririemacao.com\/1\/wp-json\/wp\/v2\/categories?post=168052"},{"taxonomy":"post_tag","embeddable":true,"href":"https:\/\/www.caririemacao.com\/1\/wp-json\/wp\/v2\/tags?post=168052"}],"curies":[{"name":"wp","href":"https:\/\/api.w.org\/{rel}","templated":true}]}}