{"id":168081,"date":"2020-05-07T14:50:24","date_gmt":"2020-05-07T17:50:24","guid":{"rendered":"https:\/\/www.caririemacao.com\/1\/?p=168081"},"modified":"2020-05-07T14:50:24","modified_gmt":"2020-05-07T17:50:24","slug":"auxilio-emergencial-caixa-vai-alongar-calendario-de-pagamento-da-2a-parcela-2","status":"publish","type":"post","link":"https:\/\/www.caririemacao.com\/1\/2020\/05\/07\/auxilio-emergencial-caixa-vai-alongar-calendario-de-pagamento-da-2a-parcela-2\/","title":{"rendered":"Aux\u00edlio emergencial: Caixa vai alongar calend\u00e1rio de pagamento da 2\u00aa parcela"},"content":{"rendered":"\n<p>O pagamento do segundo lote do aux\u00edlio emergencial de R$ 600 (R$ 1,2 mil para m\u00e3es solteiras) ser\u00e1 mais eficiente porque a base de dados da Caixa Econ\u00f4mica Federal est\u00e1 montada, disse hoje (6) o presidente do banco, Pedro Guimar\u00e3es.<\/p>\n\n\n\n<p>Segundo ele, o novo calend\u00e1rio, que ser\u00e1 divulgado ainda esta semana, ter\u00e1 datas mais espa\u00e7adas para evitar aglomera\u00e7\u00f5es nas ag\u00eancias.<\/p>\n\n\n\n<p>\u201cNa segunda parcela, poderemos pagar de maneira diferente, estamos discutindo com o Minist\u00e9rio da Cidadania uma maneira onde j\u00e1 temos a base de dados. E a grande maioria das pessoas ter\u00e1 essa organiza\u00e7\u00e3o com datas espa\u00e7adas, ou seja, n\u00e3o faremos a forma de pagar [nascidos em] janeiro e fevereiro em um dia ou maio e junho em outro dia. Porque pagar 20 milh\u00f5es de pessoas com conhecimento muito baixo da quest\u00e3o de tecnologia acabava gerando demanda muito grande\u201d, disse Guimar\u00e3es em coletiva.<\/p>\n\n\n\n<p>Para o presidente da Caixa, o fato de muitas pessoas ainda estarem sacando a primeira parcela do benef\u00edcio ocasionou boa parte das filas nas ag\u00eancias.<\/p>\n\n\n\n<p>Segundo ele, isso ocorreu porque a an\u00e1lise dos cadastros pela Dataprev, estatal de tecnologia que verifica se o benefici\u00e1rio se enquadra nos crit\u00e9rios para receber o aux\u00edlio, ocorreu enquanto o banco tinha come\u00e7ado a pagar o benef\u00edcio, represando o fluxo de atendimento. Na segunda parcela, o problema n\u00e3o se repetir\u00e1, disse Guimar\u00e3es.<\/p>\n\n\n\n<p>\u201cO segundo lote ser\u00e1 feito de maneira muito mais eficiente, porque j\u00e1 temos a base das pessoas que receber\u00e3o [os pagamentos]. Uma parte relevante do que a gente estava pagando eram pessoas que a gente ia montando dentro da base de dados. E, para n\u00e3o esperar um m\u00eas para come\u00e7ar a pagar, fomos pagando as pessoas com os cadastros ainda sendo analisado\u201d, afirmou.<\/p>\n\n\n\n<p><strong>Redu\u00e7\u00e3o de filas<\/strong><br>Com o fim do saque em dinheiro do aux\u00edlio emergencial para quem n\u00e3o tinha conta banc\u00e1ria, as filas nas ag\u00eancias, informou Guimar\u00e3es, diminu\u00edram consideravelmente de ontem (5) para hoje.<\/p>\n\n\n\n<p>De 27 de abril at\u00e9 ontem, os benefici\u00e1rios puderam sacar o primeiro lote em esp\u00e9cie nas ag\u00eancias da Caixa, em casas lot\u00e9ricas (onde elas estiverem funcionando) e em correspondentes banc\u00e1rios.<\/p>\n\n\n\n<p>A partir de hoje, somente aqueles que n\u00e3o conseguiram retirar o benef\u00edcio nos \u00faltimos dias voltaram \u00e0s ag\u00eancias.<\/p>\n\n\n\n<p><em>Ag\u00eancia Brasil \u2013 &nbsp;Foto: Marcelo Camargo\/Ag\u00eancia Brasil<\/em><\/p>\n","protected":false},"excerpt":{"rendered":"<p>O pagamento do segundo lote do aux\u00edlio emergencial de R$ 600 (R$ 1,2 mil para m\u00e3es solteiras) ser\u00e1 mais eficiente porque a base de dados&hellip; <\/p>\n","protected":false},"author":2,"featured_media":167043,"comment_status":"closed","ping_status":"closed","sticky":false,"template":"","format":"standard","meta":{"sfsi_plus_gutenberg_text_before_share":"","sfsi_plus_gutenberg_show_text_before_share":"","sfsi_plus_gutenberg_icon_type":"","sfsi_plus_gutenberg_icon_alignemt":"","sfsi_plus_gutenburg_max_per_row":"","footnotes":""},"categories":[2],"tags":[],"class_list":["post-168081","post","type-post","status-publish","format-standard","has-post-thumbnail","hentry","category-geral"],"_links":{"self":[{"href":"https:\/\/www.caririemacao.com\/1\/wp-json\/wp\/v2\/posts\/168081","targetHints":{"allow":["GET"]}}],"collection":[{"href":"https:\/\/www.caririemacao.com\/1\/wp-json\/wp\/v2\/posts"}],"about":[{"href":"https:\/\/www.caririemacao.com\/1\/wp-json\/wp\/v2\/types\/post"}],"author":[{"embeddable":true,"href":"https:\/\/www.caririemacao.com\/1\/wp-json\/wp\/v2\/users\/2"}],"replies":[{"embeddable":true,"href":"https:\/\/www.caririemacao.com\/1\/wp-json\/wp\/v2\/comments?post=168081"}],"version-history":[{"count":1,"href":"https:\/\/www.caririemacao.com\/1\/wp-json\/wp\/v2\/posts\/168081\/revisions"}],"predecessor-version":[{"id":168082,"href":"https:\/\/www.caririemacao.com\/1\/wp-json\/wp\/v2\/posts\/168081\/revisions\/168082"}],"wp:featuredmedia":[{"embeddable":true,"href":"https:\/\/www.caririemacao.com\/1\/wp-json\/wp\/v2\/media\/167043"}],"wp:attachment":[{"href":"https:\/\/www.caririemacao.com\/1\/wp-json\/wp\/v2\/media?parent=168081"}],"wp:term":[{"taxonomy":"category","embeddable":true,"href":"https:\/\/www.caririemacao.com\/1\/wp-json\/wp\/v2\/categories?post=168081"},{"taxonomy":"post_tag","embeddable":true,"href":"https:\/\/www.caririemacao.com\/1\/wp-json\/wp\/v2\/tags?post=168081"}],"curies":[{"name":"wp","href":"https:\/\/api.w.org\/{rel}","templated":true}]}}