{"id":168084,"date":"2020-05-07T14:53:23","date_gmt":"2020-05-07T17:53:23","guid":{"rendered":"https:\/\/www.caririemacao.com\/1\/?p=168084"},"modified":"2020-05-07T14:53:23","modified_gmt":"2020-05-07T17:53:23","slug":"bolsonaro-e-ministro-vao-ao-supremo-para-pressionar-pelo-fim-do-isolamento-social","status":"publish","type":"post","link":"https:\/\/www.caririemacao.com\/1\/2020\/05\/07\/bolsonaro-e-ministro-vao-ao-supremo-para-pressionar-pelo-fim-do-isolamento-social\/","title":{"rendered":"Bolsonaro e ministro v\u00e3o ao Supremo para pressionar pelo fim do isolamento social"},"content":{"rendered":"\n<p>Em um gesto de press\u00e3o para for\u00e7ar a retomada da atividade econ\u00f4mica, o presidente Jair Bolsonaro levou um grupo de empres\u00e1rios ao STF (Supremo Tribunal Federal) para relatar ao chefe da Corte, ministro Dias Toffoli, os impactos que o isolamento social tem gerado na iniciativa privada.<\/p>\n\n\n\n<p>Toffoli, por sua vez, cobrou coordena\u00e7\u00e3o do governo federal com os outros poderes e os entes da federa\u00e7\u00e3o e disse que \u00e9 necess\u00e1rio fazer um planejamento para a volta do funcionamento das ind\u00fastrias.<\/p>\n\n\n\n<p>Na reuni\u00e3o desta quinta-feira (7), que n\u00e3o estava na agenda, o chefe do Executivo voltou a afirmar que os efeitos da restri\u00e7\u00e3o de circula\u00e7\u00e3o n\u00e3o podem ser maiores do que os problemas causados pela doen\u00e7a em si.<\/p>\n\n\n\n<p>J\u00e1 o ministro da Economia, Paulo Guedes, ressaltou que o Brasil pode enfrentar a mesma situa\u00e7\u00e3o de pa\u00edses vizinhos se n\u00e3o mudar de estrat\u00e9gia no enfrentamento \u00e0 doen\u00e7a.<\/p>\n\n\n\n<p>Guedes disse que tem mantido conversas com diversos setores da ind\u00fastria e que, nesta quinta-feira, os empres\u00e1rios fizeram um apelo.<\/p>\n\n\n\n<p>\u201cEles vinham dizendo que estavam conseguindo preservar os sinais vitais, e agora o sinal que passaram \u00e9 de que est\u00e1 dif\u00edcil, a economia est\u00e1 come\u00e7ando a colapsar. E a\u00ed n\u00e3o queremos correr o risco de virar uma Venezuela, n\u00e3o queremos correr o risco de virar sequer uma Argentina, que entrou em desorganiza\u00e7\u00e3o, infla\u00e7\u00e3o subindo, todo esse pesadelo de volta\u201d, disse.<\/p>\n\n\n\n<p>Bolsonaro afirmou que o grupo de empres\u00e1rios representa mais de 40% do PIB e 30 milh\u00f5es de empregos.<\/p>\n\n\n\n<p>Segundo o presidente, todos podem ser \u201cesmagados\u201d pela crise econ\u00f4mica caso n\u00e3o haja a retomada da atividade industrial.<\/p>\n\n\n\n<p>\u201cOs empres\u00e1rio trouxeram pessoalmente essas afli\u00e7\u00f5es, a quest\u00e3o do desemprego, a quest\u00e3o de a economia n\u00e3o mais funcionar. As consequ\u00eancias, o efeito colateral do combate ao v\u00edrus, n\u00e3o podem ser mais danosas que a pr\u00f3pria doen\u00e7a. E os empres\u00e1rio querem que o STF tamb\u00e9m ou\u00e7a deles o que est\u00e1 acontecendo\u201d, disse.<\/p>\n\n\n\n<p>O ministro Dias Toffoli cobrou, mais de uma vez, uma maior coordena\u00e7\u00e3o do governo federal com os outros poderes e os demais entes da federa\u00e7\u00e3o.<\/p>\n\n\n\n<p>Al\u00e9m disso, afirmou que \u00e9 necess\u00e1rio fazer um planejamento para organizar a retomada da volta da economia.<\/p>\n\n\n\n<p>\u201cEssa coordena\u00e7\u00e3o, que eu penso que o Executivo, o presidente da Rep\u00fablica, junto com seus ministros, chamando os outros poderes, chamando os estados, representantes de munic\u00edpios, penso que \u00e9 fundamental. Talvez um comit\u00ea de crise para, envolvendo a federa\u00e7\u00e3o e os poderes, exatamente junto com o empresariado e trabalhadores, a necessidade que temos de traduzir em realidade esse anseio, que \u00e9 o anseio de trabalhar, produzir, manter a sociedade estruturada\u201d, disse.<\/p>\n\n\n\n<p>O coordenador da Coaliz\u00e3o Ind\u00fastria, Marco Polo de Mello Lopes, afirmou que a situa\u00e7\u00e3o da ind\u00fastria exige medidas urgentes.<\/p>\n\n\n\n<p>\u201cNa nossa vis\u00e3o, essa flexibiliza\u00e7\u00e3o j\u00e1 poderia ter ocorrido, evidentemente com todo o regramento necess\u00e1rio, de forma que a gente conseguisse voltar a ter atividade. A nossa grande preocupa\u00e7\u00e3o \u00e9 que a crise da Covid ocasione uma crise social por conta da quest\u00e3o do desemprego, e essa \u00e9 uma crise que a gente reputa extremamente importante e precisa ser enfrentada\u201d, afirmou.<\/p>\n\n\n\n<p>O representante do setor de brinquedos, Syn\u00e9sio Batista, tamb\u00e9m disse que a situa\u00e7\u00e3o \u00e9 preocupante.<\/p>\n\n\n\n<p>\u201cEu s\u00f3 acrescentaria um detalhe, que \u00e9 o sentido de urg\u00eancia. Eu diria que a ind\u00fastria est\u00e1 na UTI e ela precisa sair da UTI, por que se n\u00e3o as consequ\u00eancias ser\u00e3o grav\u00edssimas\u201d, disse Lopes.<\/p>\n","protected":false},"excerpt":{"rendered":"<p>Em um gesto de press\u00e3o para for\u00e7ar a retomada da atividade econ\u00f4mica, o presidente Jair Bolsonaro levou um grupo de empres\u00e1rios ao STF (Supremo Tribunal&hellip; <\/p>\n","protected":false},"author":2,"featured_media":166076,"comment_status":"closed","ping_status":"closed","sticky":false,"template":"","format":"standard","meta":{"sfsi_plus_gutenberg_text_before_share":"","sfsi_plus_gutenberg_show_text_before_share":"","sfsi_plus_gutenberg_icon_type":"","sfsi_plus_gutenberg_icon_alignemt":"","sfsi_plus_gutenburg_max_per_row":"","footnotes":""},"categories":[11],"tags":[],"class_list":["post-168084","post","type-post","status-publish","format-standard","has-post-thumbnail","hentry","category-politica"],"_links":{"self":[{"href":"https:\/\/www.caririemacao.com\/1\/wp-json\/wp\/v2\/posts\/168084","targetHints":{"allow":["GET"]}}],"collection":[{"href":"https:\/\/www.caririemacao.com\/1\/wp-json\/wp\/v2\/posts"}],"about":[{"href":"https:\/\/www.caririemacao.com\/1\/wp-json\/wp\/v2\/types\/post"}],"author":[{"embeddable":true,"href":"https:\/\/www.caririemacao.com\/1\/wp-json\/wp\/v2\/users\/2"}],"replies":[{"embeddable":true,"href":"https:\/\/www.caririemacao.com\/1\/wp-json\/wp\/v2\/comments?post=168084"}],"version-history":[{"count":1,"href":"https:\/\/www.caririemacao.com\/1\/wp-json\/wp\/v2\/posts\/168084\/revisions"}],"predecessor-version":[{"id":168085,"href":"https:\/\/www.caririemacao.com\/1\/wp-json\/wp\/v2\/posts\/168084\/revisions\/168085"}],"wp:featuredmedia":[{"embeddable":true,"href":"https:\/\/www.caririemacao.com\/1\/wp-json\/wp\/v2\/media\/166076"}],"wp:attachment":[{"href":"https:\/\/www.caririemacao.com\/1\/wp-json\/wp\/v2\/media?parent=168084"}],"wp:term":[{"taxonomy":"category","embeddable":true,"href":"https:\/\/www.caririemacao.com\/1\/wp-json\/wp\/v2\/categories?post=168084"},{"taxonomy":"post_tag","embeddable":true,"href":"https:\/\/www.caririemacao.com\/1\/wp-json\/wp\/v2\/tags?post=168084"}],"curies":[{"name":"wp","href":"https:\/\/api.w.org\/{rel}","templated":true}]}}