{"id":168087,"date":"2020-05-07T14:58:48","date_gmt":"2020-05-07T17:58:48","guid":{"rendered":"https:\/\/www.caririemacao.com\/1\/?p=168087"},"modified":"2020-05-07T14:58:48","modified_gmt":"2020-05-07T17:58:48","slug":"bolsonaro-diz-que-vai-vetar-trecho-da-ajuda-aos-estados-que-libera-reajuste-salarial-para-servidores","status":"publish","type":"post","link":"https:\/\/www.caririemacao.com\/1\/2020\/05\/07\/bolsonaro-diz-que-vai-vetar-trecho-da-ajuda-aos-estados-que-libera-reajuste-salarial-para-servidores\/","title":{"rendered":"Bolsonaro diz que vai vetar trecho da ajuda aos estados que libera reajuste salarial para servidores"},"content":{"rendered":"\n<p>O presidente Jair Bolsonaro afirmou nesta quinta-feira (7) que vai vetar o trecho do projeto de ajuda aos estados que abre a possibilidade de reajuste salarial para diversas categorias de servidores p\u00fablicos, mesmo em meio \u00e0 pandemia do coronav\u00edrus.<\/p>\n\n\n\n<p>A vers\u00e3o inicial do projeto previa que a ajuda financeira da Uni\u00e3o a estados e munic\u00edpios tinha, entre as contrapartidas, o congelamento nos sal\u00e1rios dos servidores. Durante a tramita\u00e7\u00e3o no Congresso, parlamentares inclu\u00edram no texto categorias que poderiam ter o reajuste. O projeto foi aprovado nesta quarta (6).<\/p>\n\n\n\n<p>Antes de Bolsonaro afirmar que vai vetar o trecho, o ministro da Economia, Paulo Guedes, j\u00e1 havia dito que sugeriria o veto.<\/p>\n\n\n\n<p>&#8220;O que n\u00f3s decidimos? Eu sigo a cartilha de Paulo Guedes na economia. E n\u00e3o \u00e9 de maneira cega, n\u00e3o. \u00c9 de maneira consciente e com raz\u00e3o. E se ele acha que deve ser vetado, esse dispositivo, assim ser\u00e1 feito. N\u00f3s devemos salvar a economia, porque economia \u00e9 vida&#8221;, disse Bolsonaro.<\/p>\n\n\n\n<p>Guedes defendeu que o funcionalismo p\u00fablico fique sem aumento salarial at\u00e9 dezembro de 2021. Para o ministro, a medida vai ajudar o pa\u00eds a atravessar a crise gerada pela pandemia do coronav\u00edrus.<\/p>\n\n\n\n<p>&#8220;Eu estou sugerindo ao presidente da Rep\u00fablica que vete, que permita que essa contribui\u00e7\u00e3o do funcionalismo p\u00fablico seja dada, para o bem de todos n\u00f3s&#8221;, afirmou Guedes.<\/p>\n\n\n\n<p>De acordo com o l\u00edder do governo na C\u00e2mara, deputado Victor Hugo (PSL-GO), Bolsonaro deu o aval para incluir no projeto as categorias que poderiam ter aumento salarial. Entre as categorias est\u00e3o policiais e profissionais de sa\u00fade (veja a lista mais abaixo).<\/p>\n\n\n\n<p>&#8220;Eu, deste plen\u00e1rio, liguei para o presidente da Rep\u00fablica e me certifiquei de que essa era a melhor solu\u00e7\u00e3o. E o presidente, 22h de ontem [ter\u00e7a-feira] falou: Victor Hugo, fa\u00e7a dessa maneira e vamos acompanhar para privilegiar esses profissionais que est\u00e3o efetivamente na ponta da linha. E assim aconteceu&#8221;, afirmou o deputado na quarta (6).<\/p>\n\n\n\n<p>De acordo com o parecer, os seguintes servidores poder\u00e3o ter reajuste de sal\u00e1rio:<\/p>\n\n\n\n<p>funcion\u00e1rios p\u00fablicos da \u00e1rea da sa\u00fade;<br>funcion\u00e1rios p\u00fablicos da \u00e1rea de seguran\u00e7a;<br>militares das For\u00e7as Armadas;<br>servidores da Pol\u00edcia Federal (PF);<br>servidores da Pol\u00edcia Rodovi\u00e1ria Federal (PRF);<br>guardas municipais;<br>trabalhadores da educa\u00e7\u00e3o p\u00fablica como os professores;<br>agentes socioeducativos;<br>profissionais de limpeza urbana e de servi\u00e7os funer\u00e1rios;<br>profissionais de assist\u00eancia social;<br>servidores das carreiras periciais, como os peritos criminais.<\/p>\n\n\n\n<p><br><strong>Visita ao STF&nbsp; &nbsp; &nbsp; &nbsp; &nbsp;&nbsp;<\/strong><\/p>\n\n\n\n<p>O presidente e o ministro falaram com a imprensa ap\u00f3s uma visita surpresa ao Supremo Tribunal Federal (STF). Eles levaram empres\u00e1rios da ind\u00fastria para uma conversa com o presidente da Corte, ministro Dias Toffoli.<\/p>\n\n\n\n<p>Na conversa, Bolsonaro, Guedes e os empres\u00e1rios expuseram a opini\u00e3o de que medidas de isolamento social e restri\u00e7\u00e3o de mobilidade, para conter o avan\u00e7o do coronav\u00edrus, n\u00e3o podem paralisar a economia. Desde que o v\u00edrus chegou ao pa\u00eds, Bolsonaro vem defendendo o relaxamento das medidas restritivas, tomadas por governadores e prefeitos.<\/p>\n\n\n\n<p><strong>Restri\u00e7\u00f5es nos estados&nbsp; &nbsp; &nbsp; &nbsp; &nbsp; &nbsp; &nbsp; &nbsp; &nbsp; &nbsp; &nbsp; &nbsp;&nbsp;<\/strong><\/p>\n\n\n\n<p>A maioria dos estados t\u00eam estendido as medidas de restri\u00e7\u00e3o adotadas ap\u00f3s o in\u00edcio da pandemia, e alguns t\u00eam tomado medidas mais r\u00edgidas.<\/p>\n\n\n\n<p>Atualmente h\u00e1 dois estados no pa\u00eds que adotaram em algumas cidades, incluindo as capitais, o isolamento mais radical, o chamado &#8220;lockdown&#8221;: Maranh\u00e3o e Par\u00e1. Outros estados e munic\u00edpios, como Rio de Janeiro e Fortaleza, tamb\u00e9m avaliam esta possibilidade de bloqueio total, e os minist\u00e9rios p\u00fablicos de Amazonas e Pernambuco pediram a ado\u00e7\u00e3o da medida, mas a solicita\u00e7\u00e3o foi negada pela Justi\u00e7a.<\/p>\n\n\n\n<p>Em Fortaleza, a prefeitura j\u00e1 intensificou a fiscaliza\u00e7\u00e3o do isolamento social, mas evita usar o termo &#8220;lockdow&#8221;&#8216;. Em S\u00e3o Paulo, a prefeitura ampliou o rod\u00edzio de ve\u00edculo passa a vigorar inclusive aos fins de semana, e durante as 24 horas do dia.<\/p>\n","protected":false},"excerpt":{"rendered":"<p>O presidente Jair Bolsonaro afirmou nesta quinta-feira (7) que vai vetar o trecho do projeto de ajuda aos estados que abre a possibilidade de reajuste&hellip; <\/p>\n","protected":false},"author":2,"featured_media":166681,"comment_status":"closed","ping_status":"closed","sticky":false,"template":"","format":"standard","meta":{"sfsi_plus_gutenberg_text_before_share":"","sfsi_plus_gutenberg_show_text_before_share":"","sfsi_plus_gutenberg_icon_type":"","sfsi_plus_gutenberg_icon_alignemt":"","sfsi_plus_gutenburg_max_per_row":"","footnotes":""},"categories":[11],"tags":[],"class_list":["post-168087","post","type-post","status-publish","format-standard","has-post-thumbnail","hentry","category-politica"],"_links":{"self":[{"href":"https:\/\/www.caririemacao.com\/1\/wp-json\/wp\/v2\/posts\/168087","targetHints":{"allow":["GET"]}}],"collection":[{"href":"https:\/\/www.caririemacao.com\/1\/wp-json\/wp\/v2\/posts"}],"about":[{"href":"https:\/\/www.caririemacao.com\/1\/wp-json\/wp\/v2\/types\/post"}],"author":[{"embeddable":true,"href":"https:\/\/www.caririemacao.com\/1\/wp-json\/wp\/v2\/users\/2"}],"replies":[{"embeddable":true,"href":"https:\/\/www.caririemacao.com\/1\/wp-json\/wp\/v2\/comments?post=168087"}],"version-history":[{"count":1,"href":"https:\/\/www.caririemacao.com\/1\/wp-json\/wp\/v2\/posts\/168087\/revisions"}],"predecessor-version":[{"id":168088,"href":"https:\/\/www.caririemacao.com\/1\/wp-json\/wp\/v2\/posts\/168087\/revisions\/168088"}],"wp:featuredmedia":[{"embeddable":true,"href":"https:\/\/www.caririemacao.com\/1\/wp-json\/wp\/v2\/media\/166681"}],"wp:attachment":[{"href":"https:\/\/www.caririemacao.com\/1\/wp-json\/wp\/v2\/media?parent=168087"}],"wp:term":[{"taxonomy":"category","embeddable":true,"href":"https:\/\/www.caririemacao.com\/1\/wp-json\/wp\/v2\/categories?post=168087"},{"taxonomy":"post_tag","embeddable":true,"href":"https:\/\/www.caririemacao.com\/1\/wp-json\/wp\/v2\/tags?post=168087"}],"curies":[{"name":"wp","href":"https:\/\/api.w.org\/{rel}","templated":true}]}}