{"id":168095,"date":"2020-05-07T18:20:34","date_gmt":"2020-05-07T21:20:34","guid":{"rendered":"https:\/\/www.caririemacao.com\/1\/?p=168095"},"modified":"2020-05-07T18:20:34","modified_gmt":"2020-05-07T21:20:34","slug":"policia-civil-prende-suspeitos-e-apreende-meia-tonelada-de-maconha-em-sao-joao-do-cariri","status":"publish","type":"post","link":"https:\/\/www.caririemacao.com\/1\/2020\/05\/07\/policia-civil-prende-suspeitos-e-apreende-meia-tonelada-de-maconha-em-sao-joao-do-cariri\/","title":{"rendered":"Pol\u00edcia Civil prende suspeitos e apreende meia tonelada de maconha em S\u00e3o Jo\u00e3o do Cariri"},"content":{"rendered":"\n<p>Tr\u00eas homens foram presos na manh\u00e3 desta quinta-feira (07), na cidade de S\u00e3o Jo\u00e3o do Cariri, ao tentar transportar cerca de meia tonelada de maconha escondida em um caminh\u00e3o carregado de mel\u00f5es.<\/p>\n\n\n\n<p>De acordo com a Pol\u00edcia Civil, o ve\u00edculo vinha de Petrolina, em Pernambuco, quando foi interceptado por policiais na sa\u00edda da cidade em plena BR-412, nas proximidades da subesta\u00e7\u00e3o.<\/p>\n\n\n\n<p>Ao averiguarem a carga, foram encontrados cerca de 500Kg de maconha dentro da carga.<\/p>\n\n\n\n<p>Dois paraibanos foram presos, dentre eles um ex-presidi\u00e1rio, e um pernambucano foram detidos. As investiga\u00e7\u00f5es apontam que a droga seria vendida em Campina Grande e em Jo\u00e3o Pessoa.<\/p>\n\n\n\n<p>O caminh\u00e3o e a carga apreendida foram encaminhados at\u00e9 a Central de Pol\u00edcia Civil, em Campina Grande.<\/p>\n\n\n\n<p><strong>De Olho no Cariri<\/strong><\/p>\n","protected":false},"excerpt":{"rendered":"<p>Tr\u00eas homens foram presos na manh\u00e3 desta quinta-feira (07), na cidade de S\u00e3o Jo\u00e3o do Cariri, ao tentar transportar cerca de meia tonelada de maconha&hellip; <\/p>\n","protected":false},"author":1,"featured_media":168096,"comment_status":"closed","ping_status":"closed","sticky":false,"template":"","format":"standard","meta":{"sfsi_plus_gutenberg_text_before_share":"","sfsi_plus_gutenberg_show_text_before_share":"","sfsi_plus_gutenberg_icon_type":"","sfsi_plus_gutenberg_icon_alignemt":"","sfsi_plus_gutenburg_max_per_row":"","footnotes":""},"categories":[12],"tags":[],"class_list":["post-168095","post","type-post","status-publish","format-standard","has-post-thumbnail","hentry","category-policia"],"_links":{"self":[{"href":"https:\/\/www.caririemacao.com\/1\/wp-json\/wp\/v2\/posts\/168095","targetHints":{"allow":["GET"]}}],"collection":[{"href":"https:\/\/www.caririemacao.com\/1\/wp-json\/wp\/v2\/posts"}],"about":[{"href":"https:\/\/www.caririemacao.com\/1\/wp-json\/wp\/v2\/types\/post"}],"author":[{"embeddable":true,"href":"https:\/\/www.caririemacao.com\/1\/wp-json\/wp\/v2\/users\/1"}],"replies":[{"embeddable":true,"href":"https:\/\/www.caririemacao.com\/1\/wp-json\/wp\/v2\/comments?post=168095"}],"version-history":[{"count":1,"href":"https:\/\/www.caririemacao.com\/1\/wp-json\/wp\/v2\/posts\/168095\/revisions"}],"predecessor-version":[{"id":168097,"href":"https:\/\/www.caririemacao.com\/1\/wp-json\/wp\/v2\/posts\/168095\/revisions\/168097"}],"wp:featuredmedia":[{"embeddable":true,"href":"https:\/\/www.caririemacao.com\/1\/wp-json\/wp\/v2\/media\/168096"}],"wp:attachment":[{"href":"https:\/\/www.caririemacao.com\/1\/wp-json\/wp\/v2\/media?parent=168095"}],"wp:term":[{"taxonomy":"category","embeddable":true,"href":"https:\/\/www.caririemacao.com\/1\/wp-json\/wp\/v2\/categories?post=168095"},{"taxonomy":"post_tag","embeddable":true,"href":"https:\/\/www.caririemacao.com\/1\/wp-json\/wp\/v2\/tags?post=168095"}],"curies":[{"name":"wp","href":"https:\/\/api.w.org\/{rel}","templated":true}]}}