{"id":168098,"date":"2020-05-07T18:24:39","date_gmt":"2020-05-07T21:24:39","guid":{"rendered":"https:\/\/www.caririemacao.com\/1\/?p=168098"},"modified":"2020-05-07T18:24:39","modified_gmt":"2020-05-07T21:24:39","slug":"prefeitura-de-sao-joao-do-tigre-intensifica-acoes-de-combate-e-prevencao-ao-covid-19","status":"publish","type":"post","link":"https:\/\/www.caririemacao.com\/1\/2020\/05\/07\/prefeitura-de-sao-joao-do-tigre-intensifica-acoes-de-combate-e-prevencao-ao-covid-19\/","title":{"rendered":"Prefeitura de S\u00e3o Jo\u00e3o do Tigre intensifica a\u00e7\u00f5es de combate e preven\u00e7\u00e3o ao Covid-19"},"content":{"rendered":"\n<p>A Prefeitura Municipal de S\u00e3o Jo\u00e3o do Tigre, atrav\u00e9s da Secretaria de Sa\u00fade, tem intensificado as a\u00e7\u00f5es de combate e preven\u00e7\u00e3o ao coronav\u00edrus no munic\u00edpio.<\/p>\n\n\n\n<p>Nesta semana, a gest\u00e3o municipal realizou a higieniza\u00e7\u00e3o das principais ruas e espa\u00e7os p\u00fablicos da zona urbana do munic\u00edpio, e tamb\u00e9m nos Distritos de Cacimbinha e Santa Maria, visando proteger a popula\u00e7\u00e3o do v\u00edrus.<\/p>\n\n\n\n<p>A Secretaria de Sa\u00fade, Maria Jos\u00e9, destacou que o munic\u00edpio tem se destacado com as a\u00e7\u00f5es de preven\u00e7\u00e3o ao coronav\u00edrus, haja visto que at\u00e9 o momento nenhum caso suspeito foi registrado no munic\u00edpio, e que al\u00e9m da higieniza\u00e7\u00e3o das ruas, que j\u00e1 ocorreu antes, a prefeitura tem realizado barreiras sanit\u00e1rias e v\u00e1rias outras a\u00e7\u00f5es e medidas que visam impedir a chegada e prolifera\u00e7\u00e3o do v\u00edrus.<\/p>\n\n\n\n<p>Com Cariri da Gente<\/p>\n","protected":false},"excerpt":{"rendered":"<p>A Prefeitura Municipal de S\u00e3o Jo\u00e3o do Tigre, atrav\u00e9s da Secretaria de Sa\u00fade, tem intensificado as a\u00e7\u00f5es de combate e preven\u00e7\u00e3o ao coronav\u00edrus no munic\u00edpio.&hellip; <\/p>\n","protected":false},"author":1,"featured_media":168099,"comment_status":"closed","ping_status":"closed","sticky":false,"template":"","format":"standard","meta":{"sfsi_plus_gutenberg_text_before_share":"","sfsi_plus_gutenberg_show_text_before_share":"","sfsi_plus_gutenberg_icon_type":"","sfsi_plus_gutenberg_icon_alignemt":"","sfsi_plus_gutenburg_max_per_row":"","footnotes":""},"categories":[6],"tags":[],"class_list":["post-168098","post","type-post","status-publish","format-standard","has-post-thumbnail","hentry","category-cidades"],"_links":{"self":[{"href":"https:\/\/www.caririemacao.com\/1\/wp-json\/wp\/v2\/posts\/168098","targetHints":{"allow":["GET"]}}],"collection":[{"href":"https:\/\/www.caririemacao.com\/1\/wp-json\/wp\/v2\/posts"}],"about":[{"href":"https:\/\/www.caririemacao.com\/1\/wp-json\/wp\/v2\/types\/post"}],"author":[{"embeddable":true,"href":"https:\/\/www.caririemacao.com\/1\/wp-json\/wp\/v2\/users\/1"}],"replies":[{"embeddable":true,"href":"https:\/\/www.caririemacao.com\/1\/wp-json\/wp\/v2\/comments?post=168098"}],"version-history":[{"count":1,"href":"https:\/\/www.caririemacao.com\/1\/wp-json\/wp\/v2\/posts\/168098\/revisions"}],"predecessor-version":[{"id":168100,"href":"https:\/\/www.caririemacao.com\/1\/wp-json\/wp\/v2\/posts\/168098\/revisions\/168100"}],"wp:featuredmedia":[{"embeddable":true,"href":"https:\/\/www.caririemacao.com\/1\/wp-json\/wp\/v2\/media\/168099"}],"wp:attachment":[{"href":"https:\/\/www.caririemacao.com\/1\/wp-json\/wp\/v2\/media?parent=168098"}],"wp:term":[{"taxonomy":"category","embeddable":true,"href":"https:\/\/www.caririemacao.com\/1\/wp-json\/wp\/v2\/categories?post=168098"},{"taxonomy":"post_tag","embeddable":true,"href":"https:\/\/www.caririemacao.com\/1\/wp-json\/wp\/v2\/tags?post=168098"}],"curies":[{"name":"wp","href":"https:\/\/api.w.org\/{rel}","templated":true}]}}