{"id":168104,"date":"2020-05-08T06:18:41","date_gmt":"2020-05-08T09:18:41","guid":{"rendered":"https:\/\/www.caririemacao.com\/1\/?p=168104"},"modified":"2020-05-08T06:18:41","modified_gmt":"2020-05-08T09:18:41","slug":"monteiro-cresce-em-avaliacao-do-tce-e-esta-entre-as-cidades-da-paraiba-com-melhor-indice-de-transparencia","status":"publish","type":"post","link":"https:\/\/www.caririemacao.com\/1\/2020\/05\/08\/monteiro-cresce-em-avaliacao-do-tce-e-esta-entre-as-cidades-da-paraiba-com-melhor-indice-de-transparencia\/","title":{"rendered":"Monteiro cresce em avalia\u00e7\u00e3o do TCE e est\u00e1 entre as cidades da Para\u00edba com melhor \u00edndice de transpar\u00eancia"},"content":{"rendered":"\n<h1 class=\"wp-block-heading\"><\/h1>\n\n\n\n<p>O munic\u00edpio de Monteiro vem mostrando muita responsabilidade no que se diz respeito a transpar\u00eancia de sua gest\u00e3o e agora esta entre as tr\u00eas cidades da Para\u00edba com o melhor \u00edndice de transpar\u00eancia, ficando abaixo apenas dos munic\u00edpios de Bayeux e Queimadas. \u00c9 o que aponta o aplicativo TurmalinaPB, do Tribunal de Contas do Estado da Para\u00edba, que monitora os Portais de Transpar\u00eancia no Estado.<\/p>\n\n\n\n<p>Monteiro aparece na 3\u00aa posi\u00e7\u00e3o no ranking estadual, com 775 pontos, chegando a ter a mesma avalia\u00e7\u00e3o em n\u00fameros do munic\u00edpio de Queimadas que esta na 2\u00aa posi\u00e7\u00e3o, mais que pontua igual ao munic\u00edpio de Monteiro. A pontua\u00e7\u00e3o m\u00e1xima dada pela TurmalinaPB \u00e9 de 880.<\/p>\n\n\n\n<p>Na regi\u00e3o do Cariri, Monteiro \u00e9 o munic\u00edpio com o melhor \u00edndice de transpar\u00eancia e que vem mostrando o compromisso de uma gest\u00e3o, n\u00e3o s\u00f3 com a cidade, mais com toda a popula\u00e7\u00e3o Monteirense.<\/p>\n\n\n\n<p>Ao saber da noticia, a Prefeita Anna Lorena comemorou os n\u00fameros e disse que esse crescimento \u00e9 fruto de uma gest\u00e3o eficiente, transparente e que atende aos anseios da popula\u00e7\u00e3o, al\u00e9m de cumprir rigorosamente com o que prev\u00ea a Lei de Acesso \u00e0 Informa\u00e7\u00e3o (LAI).<\/p>\n\n\n\n<p>A gestora ainda destacou que os n\u00fameros crescentes contrariam os ataques di\u00e1rios feitos por seus opositores. \u201cEnquanto eles criticam, com mentiras e ataques infundados, nossa gest\u00e3o segue firme trabalhando em defesa dos monteirenses, e s\u00e3o resultados como estes, que mostram que estamos no caminho certo e com certeza vamos continuar seguindo e trabalhando pela nossa Monteiro\u201d, disse Anna Lorena.<\/p>\n\n\n\n<p><strong>TURMALINAPB<\/strong><\/p>\n\n\n\n<p>Turmalina \u00e9 o resultado de uma parceria entre o Tribunal de Contas do Estado da Para\u00edba e o Laborat\u00f3rio Analytics da Universidade Federal de Campina Grande. O projeto tem como objetivo o desenvolvimento de uma plataforma para provis\u00e3o de informa\u00e7\u00f5es a auditores e gestores al\u00e9m de possibilitar a participa\u00e7\u00e3o cidad\u00e3 sobre a fiscaliza\u00e7\u00e3o da transpar\u00eancia dos entes federativos do estado da Para\u00edba.<\/p>\n\n\n\n<p><em>Ascom PMM<\/em><\/p>\n","protected":false},"excerpt":{"rendered":"<p>O munic\u00edpio de Monteiro vem mostrando muita responsabilidade no que se diz respeito a transpar\u00eancia de sua gest\u00e3o e agora esta entre as tr\u00eas cidades&hellip; <\/p>\n","protected":false},"author":2,"featured_media":168105,"comment_status":"closed","ping_status":"closed","sticky":false,"template":"","format":"standard","meta":{"sfsi_plus_gutenberg_text_before_share":"","sfsi_plus_gutenberg_show_text_before_share":"","sfsi_plus_gutenberg_icon_type":"","sfsi_plus_gutenberg_icon_alignemt":"","sfsi_plus_gutenburg_max_per_row":"","footnotes":""},"categories":[50,2],"tags":[],"class_list":["post-168104","post","type-post","status-publish","format-standard","has-post-thumbnail","hentry","category-destaque","category-geral"],"_links":{"self":[{"href":"https:\/\/www.caririemacao.com\/1\/wp-json\/wp\/v2\/posts\/168104","targetHints":{"allow":["GET"]}}],"collection":[{"href":"https:\/\/www.caririemacao.com\/1\/wp-json\/wp\/v2\/posts"}],"about":[{"href":"https:\/\/www.caririemacao.com\/1\/wp-json\/wp\/v2\/types\/post"}],"author":[{"embeddable":true,"href":"https:\/\/www.caririemacao.com\/1\/wp-json\/wp\/v2\/users\/2"}],"replies":[{"embeddable":true,"href":"https:\/\/www.caririemacao.com\/1\/wp-json\/wp\/v2\/comments?post=168104"}],"version-history":[{"count":1,"href":"https:\/\/www.caririemacao.com\/1\/wp-json\/wp\/v2\/posts\/168104\/revisions"}],"predecessor-version":[{"id":168106,"href":"https:\/\/www.caririemacao.com\/1\/wp-json\/wp\/v2\/posts\/168104\/revisions\/168106"}],"wp:featuredmedia":[{"embeddable":true,"href":"https:\/\/www.caririemacao.com\/1\/wp-json\/wp\/v2\/media\/168105"}],"wp:attachment":[{"href":"https:\/\/www.caririemacao.com\/1\/wp-json\/wp\/v2\/media?parent=168104"}],"wp:term":[{"taxonomy":"category","embeddable":true,"href":"https:\/\/www.caririemacao.com\/1\/wp-json\/wp\/v2\/categories?post=168104"},{"taxonomy":"post_tag","embeddable":true,"href":"https:\/\/www.caririemacao.com\/1\/wp-json\/wp\/v2\/tags?post=168104"}],"curies":[{"name":"wp","href":"https:\/\/api.w.org\/{rel}","templated":true}]}}