{"id":168112,"date":"2020-05-08T06:45:25","date_gmt":"2020-05-08T09:45:25","guid":{"rendered":"https:\/\/www.caririemacao.com\/1\/?p=168112"},"modified":"2020-05-08T06:45:25","modified_gmt":"2020-05-08T09:45:25","slug":"coronavirus-alcanca-87-dos-223-municipios-paraibanos-informa-secretaria","status":"publish","type":"post","link":"https:\/\/www.caririemacao.com\/1\/2020\/05\/08\/coronavirus-alcanca-87-dos-223-municipios-paraibanos-informa-secretaria\/","title":{"rendered":"Coronav\u00edrus alcan\u00e7a 87 dos 223 munic\u00edpios paraibanos, informa Secretaria"},"content":{"rendered":"\n<h1 class=\"wp-block-heading\"><\/h1>\n\n\n\n<p>87 dos 223 munic\u00edpios paraibanos j\u00e1 est\u00e3o com casos confirmados de coronav\u00edrus.<\/p>\n\n\n\n<p>\u00c9 o que mostra o Boletim Epidemiol\u00f3gico divulgado pela Secretaria de Estado da Sa\u00fade na noite desta quinta-feira (7).<\/p>\n\n\n\n<p>Segundo informa\u00e7\u00f5es da Secretaria, h\u00e1 um total 1.849 casos confirmados que est\u00e3o distribu\u00eddos nestes munic\u00edpios, sendo 192 novos nas \u00faltimas 24 horas.<\/p>\n\n\n\n<p>Deste total, 111 faleceram e 420 se recuperaram.<\/p>\n\n\n\n<p>Outros 2.356 casos investigados j\u00e1 foram descartados para Covid-19.<\/p>\n\n\n\n<p>Atrav\u00e9s do Boletim, a Secret\u00e1ria alerta ainda para o fato de o \u00edndice de isolamento social est\u00e1 em 42,8%, quando o recomendado \u00e9 70%.<\/p>\n\n\n\n<p>Veja onde h\u00e1 registro da doen\u00e7a:<\/p>\n\n\n\n<p>Alagoa Grande (6); Alagoa Nova (1); Alagoinha (1); Alhandra (19); Ara\u00e7agi (4); Areia (3); Baia da Trai\u00e7\u00e3o ( 3); Barra de S\u00e3o Miguel (1); Bayeux (59); Bom Jesus (1); Boqueir\u00e3o (1); Borborema (1); Brejo do Cruz (1); Caapor\u00e3 (19); Cabedelo (75); Cai\u00e7ara (1); Cajazeiras (18); Campina Grande (89); Capim (1); Casserengue (1); Catingueira (1); Condado (2); Conde (19); Congo (3); Coremas (3); Coxixola (3); Cruz do Esp\u00edrito Santo (10); Cuiteg\u00ed (2), Esperan\u00e7a (4); Guarabira (52); Gurinh\u00e9m (4); Igaracy (1); Imaculada (3); Itabaiana (4); Itaporanga (2); Itapororoca (4); Jo\u00e3o Pessoa (982); Juazeirinho (1); Junco do Serid\u00f3 (3); Juripiranga (2); Lagoa Seca (2); Lucena (11); Mamanguape (5); Mari (13); Mariz\u00f3polis (3); Massaranduba (1); Mataraca (1); Matinhas (1) Monteiro (2); Mulungu (3); Nova Floresta (1) Patos (46); Pedras de Fogo (16); Pianc\u00f3 (3); Pilar (4); Pil\u00f5es (1); Pil\u00f5ezinhos (4); Pirpirituba (2); Pitimbu (7); Pocinhos (1); Pombal (2); Princesa Isabel (3); Queimadas (2); Rem\u00edgio (4); Riach\u00e3o do Bacamarte (1); Riach\u00e3o Po\u00e7o (1); Riacho dos Cavalos (1); Rio Tinto (10); Santa Helena (1); Santa Luzia (1); Santa Rita (162); S\u00e3o Bento (6); S\u00e3o Jo\u00e3o do Rio do Peixe (6); S\u00e3o Jos\u00e9 de Espinharas (1); S\u00e3o Jos\u00e9 de Piranhas (1); S\u00e3o Jos\u00e9 do Bonfim (1); S\u00e3o S\u00e3o Miguel de Itaipu (1); Sebasti\u00e3o de Lagoa de Ro\u00e7a (3); Sap\u00e9 (60); Serra Branca (1); Serra da Ra\u00edz (2); Serra Redonda (1); Sobrado (1); Sousa (20); Tapero\u00e1 (17); Uira\u00fana (1); Umbuzeiro (2).<\/p>\n\n\n\n<p>Al\u00e9m da notifica\u00e7\u00e3o dos novos casos, registrou-se tamb\u00e9m mais 10 \u00f3bitos nas \u00faltimas 24 horas:<\/p>\n\n\n\n<p>Homem, adulto, 53 anos, sem comorbidade residente em Bayeux, inicio dos sintomas no dia 23\/04\/2020, interno em hospital p\u00fablico e veio a \u00f3bito no dia 06\/05\/2020.<\/p>\n\n\n\n<p>Homem, adulto, 43 anos, com comorbidade, Doen\u00e7a Hep\u00e1tica Cr\u00f4nica, residente em Santa Rita, inicio dos sintomas no dia 26\/04\/2020, interno em hospital p\u00fablico e veio a \u00f3bito no dia 04\/05\/2020.<\/p>\n\n\n\n<p>Homem, idoso, 82 anos, com comorbidade, Diab\u00e9tico, Hipertenso, residente em Jo\u00e3o Pessoa, inicio do sintomas no dia 01\/05\/2020, interno em hospital p\u00fablico e veio a \u00f3bito no dia 05\/05\/2020.<\/p>\n\n\n\n<p>Homem, idoso, 78 anos, com comorbidade, Diab\u00e9tico, Doen\u00e7a Cardiovascular, tabagista, residente em Jo\u00e3o Pessoa, inicio do sintomas no dia 25\/04\/2020, interno em hospital p\u00fablico e veio a \u00f3bito no dia 05\/05\/2020.<\/p>\n\n\n\n<p>Homem, idoso, 62 anos, com comorbidade,Cardiopata, residente em Jo\u00e3o Pessoa, profissional da sa\u00fade, inicio do sintomas no dia 24\/04\/2020, interno em hospital privado e veio a \u00f3bito no dia 06\/05\/2020.<\/p>\n\n\n\n<p>Homem, idoso, 61 anos, com comorbidade, Doen\u00e7a Cardiovascular Cr\u00f4nica, residente em Patos, inicio do sintomas no dia 06\/04\/2020 interno em hospital p\u00fablico e veio a \u00f3bito no dia 06\/05\/2020.<\/p>\n\n\n\n<p>Mulher, adulta, 37 anos, com comorbidade, Diab\u00e9tica, residente em Santa Rita, inicio do sintomas no dia 24\/04\/2020, interno em hospital p\u00fablico e veio a \u00f3bito no dia 06\/05\/2020.<\/p>\n\n\n\n<p>Homem, Idoso, 84 anos, com comorbidade, Neoplasia de Laringe, residente em Jo\u00e3o Pessoa, inicio do sintomas no dia 23\/04\/2020, interno em hospital p\u00fablico e veio a \u00f3bito no dia 07\/05\/2020.<\/p>\n\n\n\n<p>Homem, Idoso, 80 anos, com comorbidade, Neurol\u00f3gico Cr\u00f4nica, residente em Santa Rita, inicio do sintomas no dia 26\/04\/2020, interno em hospital p\u00fablico e veio a \u00f3bito no dia 04\/05\/2020.<\/p>\n\n\n\n<p>Homem, Idoso, 69 anos, com comorbidade, Diab\u00e9tico ,Neoplasia, Imunossupress\u00e3o, residente em S\u00e3o Bento, inicio do sintomas no dia 26\/04\/2020, interno em hospital p\u00fablico no RN e veio a \u00f3bito no dia 07\/05\/2020.<\/p>\n\n\n\n<p>Os dados epidemiol\u00f3gicos e de ocupa\u00e7\u00e3o de leitos podem ser acompanhados em&nbsp;<a href=\"http:\/\/paraiba.pb.gov.br\/coronavirus\" target=\"_blank\" rel=\"noreferrer noopener\">paraiba.pb.gov.br\/coronavirus<\/a><\/p>\n","protected":false},"excerpt":{"rendered":"<p>87 dos 223 munic\u00edpios paraibanos j\u00e1 est\u00e3o com casos confirmados de coronav\u00edrus. \u00c9 o que mostra o Boletim Epidemiol\u00f3gico divulgado pela Secretaria de Estado da&hellip; <\/p>\n","protected":false},"author":2,"featured_media":168113,"comment_status":"closed","ping_status":"closed","sticky":false,"template":"","format":"standard","meta":{"sfsi_plus_gutenberg_text_before_share":"","sfsi_plus_gutenberg_show_text_before_share":"","sfsi_plus_gutenberg_icon_type":"","sfsi_plus_gutenberg_icon_alignemt":"","sfsi_plus_gutenburg_max_per_row":"","footnotes":""},"categories":[2],"tags":[],"class_list":["post-168112","post","type-post","status-publish","format-standard","has-post-thumbnail","hentry","category-geral"],"_links":{"self":[{"href":"https:\/\/www.caririemacao.com\/1\/wp-json\/wp\/v2\/posts\/168112","targetHints":{"allow":["GET"]}}],"collection":[{"href":"https:\/\/www.caririemacao.com\/1\/wp-json\/wp\/v2\/posts"}],"about":[{"href":"https:\/\/www.caririemacao.com\/1\/wp-json\/wp\/v2\/types\/post"}],"author":[{"embeddable":true,"href":"https:\/\/www.caririemacao.com\/1\/wp-json\/wp\/v2\/users\/2"}],"replies":[{"embeddable":true,"href":"https:\/\/www.caririemacao.com\/1\/wp-json\/wp\/v2\/comments?post=168112"}],"version-history":[{"count":1,"href":"https:\/\/www.caririemacao.com\/1\/wp-json\/wp\/v2\/posts\/168112\/revisions"}],"predecessor-version":[{"id":168114,"href":"https:\/\/www.caririemacao.com\/1\/wp-json\/wp\/v2\/posts\/168112\/revisions\/168114"}],"wp:featuredmedia":[{"embeddable":true,"href":"https:\/\/www.caririemacao.com\/1\/wp-json\/wp\/v2\/media\/168113"}],"wp:attachment":[{"href":"https:\/\/www.caririemacao.com\/1\/wp-json\/wp\/v2\/media?parent=168112"}],"wp:term":[{"taxonomy":"category","embeddable":true,"href":"https:\/\/www.caririemacao.com\/1\/wp-json\/wp\/v2\/categories?post=168112"},{"taxonomy":"post_tag","embeddable":true,"href":"https:\/\/www.caririemacao.com\/1\/wp-json\/wp\/v2\/tags?post=168112"}],"curies":[{"name":"wp","href":"https:\/\/api.w.org\/{rel}","templated":true}]}}