{"id":168116,"date":"2020-05-08T06:51:03","date_gmt":"2020-05-08T09:51:03","guid":{"rendered":"https:\/\/www.caririemacao.com\/1\/?p=168116"},"modified":"2020-05-08T06:51:03","modified_gmt":"2020-05-08T09:51:03","slug":"calendario-de-pagamento-do-auxilio-emergencial-deve-ser-divulgado-nesta-sexta","status":"publish","type":"post","link":"https:\/\/www.caririemacao.com\/1\/2020\/05\/08\/calendario-de-pagamento-do-auxilio-emergencial-deve-ser-divulgado-nesta-sexta\/","title":{"rendered":"Calend\u00e1rio de pagamento do aux\u00edlio emergencial deve ser divulgado nesta sexta"},"content":{"rendered":"\n<h1 class=\"wp-block-heading\"><\/h1>\n\n\n\n<p>O calend\u00e1rio deve ser divulgado amanh\u00e3 pelo Minist\u00e9rio da Cidadania. Os pagamentos do benef\u00edcio, que pode chegar a R$ 1.200, come\u00e7ar\u00e3o na pr\u00f3xima semana.<\/p>\n\n\n\n<p>A ordem de pagamentos continuar\u00e1 a ser feita de acordo com o m\u00eas de anivers\u00e1rio do trabalhador, mas em vez de dois meses em um dia, como foi na primeira parcela, cada dia de pagamento ser\u00e1 reservado para um m\u00eas de nascimento, diminuindo o n\u00famero de benefici\u00e1rios liberados para o saque.<\/p>\n\n\n\n<p>Em entrevista coletiva na tarde desta quinta (7), o presidente da Caixa disse ainda que o pagamento da segunda parcela do benef\u00edcio deve ocorrer de forma mais tranquila, j\u00e1 que, agora, h\u00e1 parceria da Caixa com prefeituras e mais de 50 bancos, o aplicativo Caixa Tem est\u00e1 mais eficiente, h\u00e1 5.000 funcion\u00e1rios a mais para o atendimento, todas as ag\u00eancias est\u00e3o abrindo \u00e0s 8h e, principalmente, os trabalhadores j\u00e1 est\u00e3o na base de dados do governo federal.<\/p>\n\n\n\n<p>De acordo com a Caixa, mais de 96 milh\u00f5es de pessoas pediram o aux\u00edlio emergencial. Destas, 50 milh\u00f5es tiveram o benef\u00edcio concedido e cerca de 12 milh\u00f5es est\u00e3o passando por nova an\u00e1lise.<\/p>\n\n\n\n<p>Quem pediu uma nova an\u00e1lise precisa aguardar. Ap\u00f3s a finaliza\u00e7\u00e3o do cadastro ou da contesta\u00e7\u00e3o, os dados informados pelo trabalhador s\u00e3o analisados novamente pela Dataprev, empresa de dados do governo federal.<\/p>\n\n\n\n<p>Caso o trabalhador tenha o direito reconhecido pela Dataprev, a Caixa \u00e9 informada e faz a libera\u00e7\u00e3o dos recursos em at\u00e9 tr\u00eas dias \u00fateis ap\u00f3s o recebimento da informa\u00e7\u00e3o pela Dataprev.<\/p>\n\n\n\n<p>\u00c9 poss\u00edvel acompanhar o pedido pelo aplicativo CAIXA Aux\u00edlio Emergencial, pelo telefone 111 e pelos sites&nbsp;<a href=\"http:\/\/auxilio.caixa.gov.br\/\" target=\"_blank\" rel=\"noreferrer noopener\">auxilio.caixa.gov.br<\/a>&nbsp;e&nbsp;<a href=\"https:\/\/consultaauxilio.dataprev.gov.br\/\" target=\"_blank\" rel=\"noreferrer noopener\">https:\/\/consultaauxilio.dataprev.gov.br<\/a><\/p>\n","protected":false},"excerpt":{"rendered":"<p>O calend\u00e1rio deve ser divulgado amanh\u00e3 pelo Minist\u00e9rio da Cidadania. Os pagamentos do benef\u00edcio, que pode chegar a R$ 1.200, come\u00e7ar\u00e3o na pr\u00f3xima semana. A&hellip; <\/p>\n","protected":false},"author":2,"featured_media":168117,"comment_status":"closed","ping_status":"closed","sticky":false,"template":"","format":"standard","meta":{"sfsi_plus_gutenberg_text_before_share":"","sfsi_plus_gutenberg_show_text_before_share":"","sfsi_plus_gutenberg_icon_type":"","sfsi_plus_gutenberg_icon_alignemt":"","sfsi_plus_gutenburg_max_per_row":"","footnotes":""},"categories":[2],"tags":[],"class_list":["post-168116","post","type-post","status-publish","format-standard","has-post-thumbnail","hentry","category-geral"],"_links":{"self":[{"href":"https:\/\/www.caririemacao.com\/1\/wp-json\/wp\/v2\/posts\/168116","targetHints":{"allow":["GET"]}}],"collection":[{"href":"https:\/\/www.caririemacao.com\/1\/wp-json\/wp\/v2\/posts"}],"about":[{"href":"https:\/\/www.caririemacao.com\/1\/wp-json\/wp\/v2\/types\/post"}],"author":[{"embeddable":true,"href":"https:\/\/www.caririemacao.com\/1\/wp-json\/wp\/v2\/users\/2"}],"replies":[{"embeddable":true,"href":"https:\/\/www.caririemacao.com\/1\/wp-json\/wp\/v2\/comments?post=168116"}],"version-history":[{"count":1,"href":"https:\/\/www.caririemacao.com\/1\/wp-json\/wp\/v2\/posts\/168116\/revisions"}],"predecessor-version":[{"id":168118,"href":"https:\/\/www.caririemacao.com\/1\/wp-json\/wp\/v2\/posts\/168116\/revisions\/168118"}],"wp:featuredmedia":[{"embeddable":true,"href":"https:\/\/www.caririemacao.com\/1\/wp-json\/wp\/v2\/media\/168117"}],"wp:attachment":[{"href":"https:\/\/www.caririemacao.com\/1\/wp-json\/wp\/v2\/media?parent=168116"}],"wp:term":[{"taxonomy":"category","embeddable":true,"href":"https:\/\/www.caririemacao.com\/1\/wp-json\/wp\/v2\/categories?post=168116"},{"taxonomy":"post_tag","embeddable":true,"href":"https:\/\/www.caririemacao.com\/1\/wp-json\/wp\/v2\/tags?post=168116"}],"curies":[{"name":"wp","href":"https:\/\/api.w.org\/{rel}","templated":true}]}}