{"id":168124,"date":"2020-05-08T07:00:46","date_gmt":"2020-05-08T10:00:46","guid":{"rendered":"https:\/\/www.caririemacao.com\/1\/?p=168124"},"modified":"2020-05-08T09:50:25","modified_gmt":"2020-05-08T12:50:25","slug":"mensagem-que-fala-em-plano-para-reabertura-do-comercio-dia-11-e-fake-news-alerta-joao-azevedo","status":"publish","type":"post","link":"https:\/\/www.caririemacao.com\/1\/2020\/05\/08\/mensagem-que-fala-em-plano-para-reabertura-do-comercio-dia-11-e-fake-news-alerta-joao-azevedo\/","title":{"rendered":"&#8220;Mensagem que fala em plano para reabertura do com\u00e9rcio dia 11 \u00e9 fake news&#8221;, alerta Jo\u00e3o Azev\u00eado"},"content":{"rendered":"\n<p>O governador Jo\u00e3o Azev\u00eado afirmou, na tarde de quinta-feira (7), que uma mensagem dizendo que o Governo da Para\u00edba prepara a reabertura do com\u00e9rcio para o dia 11 de maio, que est\u00e1 circulando no WhatsApp, \u00e9 fake news.\u00a0<\/p>\n\n\n\n<p>&#8220;Est\u00e1 circulando em grupos de WhatsApp uma mensagem dizendo que o Governo da Para\u00edba prepara volta gradual para o dia 11 de maio. \u00c9 mais uma fakenews que est\u00e3o espalhando para confundir a cabe\u00e7a da popula\u00e7\u00e3o&#8221;,&nbsp;<a href=\"https:\/\/twitter.com\/joaoazevedolins\/status\/1258465987160145921\">disse Jo\u00e3o Azev\u00eado, no Twitter<\/a>.<\/p>\n\n\n\n<p>Confira abaixo a publica\u00e7\u00e3o:<\/p>\n\n\n\n<figure class=\"wp-block-image\"><img decoding=\"async\" data-src=\"https:\/\/www.clickpb.com.br\/media\/filer_public\/41\/23\/412395c6-caa3-400a-b20d-84f3aa2daadd\/exb4i-9xsaemmvw.jpg\" alt=\"\" src=\"data:image\/svg+xml;base64,PHN2ZyB3aWR0aD0iMSIgaGVpZ2h0PSIxIiB4bWxucz0iaHR0cDovL3d3dy53My5vcmcvMjAwMC9zdmciPjwvc3ZnPg==\" class=\"lazyload\" \/><\/figure>\n\n\n\n<p><strong>Isolamento<\/strong><\/p>\n\n\n\n<p>Na noite da segunda-feira (4), Jo\u00e3o Azev\u00eado&nbsp;<a href=\"https:\/\/www.clickpb.com.br\/saude\/joao-azevedo-descarta-implantacao-imediata-de-lockdown-mas-admite-que-fechamento-podera-ser-feito-caso-necessario-283348.html\">afirmou, em transmiss\u00e3o ao vivo pelas redes sociais, que a Para\u00edba n\u00e3o tem necessidade imediata<\/a>&nbsp;de implementa\u00e7\u00e3o de fechamento total, o chamado &#8220;lockdown&#8221;.&nbsp;<\/p>\n\n\n\n<p>Ele completou a fala explicando que, se os dados dos estudos demonstrarem a necessidade, o lockdown ser\u00e1 implementado sem nenhum problema, e tudo depende do compromisso da popula\u00e7\u00e3o com o isolamento social.<\/p>\n\n\n\n<p>Nesta quarta-feira (6), a Para\u00edba&nbsp;<a href=\"https:\/\/www.clickpb.com.br\/saude\/paraiba-ultrapassa-marca-de-100-mortes-devido-ao-covid-19-estado-registra-1657-infectados-283488.html\">ultrapassou o n\u00famero de 100 mortes decorrentes do novo coronav\u00edrus<\/a>. Na manh\u00e3 desta quinta, o relat\u00f3rio das Secretarias de Sa\u00fade dos estados&nbsp;<a href=\"https:\/\/www.clickpb.com.br\/brasil\/pais-passa-de-8500-mortes-e-126-mil-casos-confirmados-de-coronavirus-283508.html\">confirmou que o n\u00famero total de casos no Brasil ultrapassa os 126 mil, sendo 8.591 mortes<\/a>.<\/p>\n","protected":false},"excerpt":{"rendered":"<p>O governador Jo\u00e3o Azev\u00eado afirmou, na tarde de quinta-feira (7), que uma mensagem dizendo que o Governo da Para\u00edba prepara a reabertura do com\u00e9rcio para&hellip; <\/p>\n","protected":false},"author":2,"featured_media":168126,"comment_status":"closed","ping_status":"closed","sticky":false,"template":"","format":"standard","meta":{"sfsi_plus_gutenberg_text_before_share":"","sfsi_plus_gutenberg_show_text_before_share":"","sfsi_plus_gutenberg_icon_type":"","sfsi_plus_gutenberg_icon_alignemt":"","sfsi_plus_gutenburg_max_per_row":"","footnotes":""},"categories":[2],"tags":[],"class_list":["post-168124","post","type-post","status-publish","format-standard","has-post-thumbnail","hentry","category-geral"],"_links":{"self":[{"href":"https:\/\/www.caririemacao.com\/1\/wp-json\/wp\/v2\/posts\/168124","targetHints":{"allow":["GET"]}}],"collection":[{"href":"https:\/\/www.caririemacao.com\/1\/wp-json\/wp\/v2\/posts"}],"about":[{"href":"https:\/\/www.caririemacao.com\/1\/wp-json\/wp\/v2\/types\/post"}],"author":[{"embeddable":true,"href":"https:\/\/www.caririemacao.com\/1\/wp-json\/wp\/v2\/users\/2"}],"replies":[{"embeddable":true,"href":"https:\/\/www.caririemacao.com\/1\/wp-json\/wp\/v2\/comments?post=168124"}],"version-history":[{"count":2,"href":"https:\/\/www.caririemacao.com\/1\/wp-json\/wp\/v2\/posts\/168124\/revisions"}],"predecessor-version":[{"id":168226,"href":"https:\/\/www.caririemacao.com\/1\/wp-json\/wp\/v2\/posts\/168124\/revisions\/168226"}],"wp:featuredmedia":[{"embeddable":true,"href":"https:\/\/www.caririemacao.com\/1\/wp-json\/wp\/v2\/media\/168126"}],"wp:attachment":[{"href":"https:\/\/www.caririemacao.com\/1\/wp-json\/wp\/v2\/media?parent=168124"}],"wp:term":[{"taxonomy":"category","embeddable":true,"href":"https:\/\/www.caririemacao.com\/1\/wp-json\/wp\/v2\/categories?post=168124"},{"taxonomy":"post_tag","embeddable":true,"href":"https:\/\/www.caririemacao.com\/1\/wp-json\/wp\/v2\/tags?post=168124"}],"curies":[{"name":"wp","href":"https:\/\/api.w.org\/{rel}","templated":true}]}}