{"id":168133,"date":"2020-05-08T07:10:31","date_gmt":"2020-05-08T10:10:31","guid":{"rendered":"https:\/\/www.caririemacao.com\/1\/?p=168133"},"modified":"2020-05-08T07:10:31","modified_gmt":"2020-05-08T10:10:31","slug":"covid-19-brasil-passa-dos-135-mil-casos-confirmados","status":"publish","type":"post","link":"https:\/\/www.caririemacao.com\/1\/2020\/05\/08\/covid-19-brasil-passa-dos-135-mil-casos-confirmados\/","title":{"rendered":"Covid-19: Brasil passa dos 135 mil casos confirmados"},"content":{"rendered":"\n<h1 class=\"wp-block-heading\"><\/h1>\n\n\n\n<p><\/p>\n\n\n\n<p>O Brasil chegou a 135.106&nbsp; casos confirmadosde covid-19, um aumento de 8% em rela\u00e7\u00e3o a ontem, quando foram registradas 125.218 mil pessoas nessa condi\u00e7\u00e3o. A atualiza\u00e7\u00e3o foi divulgada pelo Minist\u00e9rio da Sa\u00fade nesta quinta-feira (7). O n\u00famero foi um pouco mais baixo do recorde de ontem, quando os novos casos atualizados somaram 10.503.&nbsp;<\/p>\n\n\n\n<p>O total de mortes subiu para 9.146. A marca representou um acr\u00e9scimo de 7% em rela\u00e7\u00e3o a ontem, quando foram contabilizados 8.536 falecimentos por covid-19. Deste total, 121 foram \u00f3bitos nos \u00faltimos tr\u00eas dias e o restante em dias anteriores mas confirmados nas \u00faltimas 24 horas. A letalidade est\u00e1 em 6,8%.<\/p>\n\n\n\n<p>S\u00e3o Paulo se mant\u00e9m como epicentro da pandemia no pa\u00eds, concentrando o maior n\u00famero de falecimentos (3.206). O estado \u00e9 seguido pelo Rio de Janeiro (1.394), Cear\u00e1 (903), Pernambuco (845) e Amazonas (806).<\/p>\n\n\n\n<figure class=\"wp-block-image\"><img decoding=\"async\" data-src=\"https:\/\/www.clickpb.com.br\/media\/filer_public\/d6\/f3\/d6f39aab-008a-49d6-bd60-87abaeaf952a\/boletim_0705_19h.jpg\" alt=\"\" src=\"data:image\/svg+xml;base64,PHN2ZyB3aWR0aD0iMSIgaGVpZ2h0PSIxIiB4bWxucz0iaHR0cDovL3d3dy53My5vcmcvMjAwMC9zdmciPjwvc3ZnPg==\" class=\"lazyload\" \/><\/figure>\n\n\n\n<p>Al\u00e9m disso, foram registradas mortes no Par\u00e1 (410), Maranh\u00e3o (305), Bahia (165), Paran\u00e1 (104), Esp\u00edrito Santo (155), Minas Gerais (106), Para\u00edba (101), Alagoas (98), Rio Grande do Sul (90), Rio Grande do Norte (76), Santa Catarina (63), Amap\u00e1 (61), Goi\u00e1s (44), Rond\u00f4nia (37), Acre (36), Piau\u00ed (35), Distrito Federal (35), Sergipe (25), Roraima (14), Mato Grosso (13), Mato Grosso do Sul (10), e Tocantins (9).<\/p>\n\n\n\n<p>Os estados com maior incid\u00eancia (n\u00famero de casos por um milh\u00e3o de habitantes) s\u00e3o o Amap\u00e1 (2.600), Amazonas (2.437), Acre (1.150), Roraima (1.684) Cear\u00e1 (1.521) e Pernambuco (1.133).<\/p>\n\n\n\n<p>Hoje, a equipe do Minist\u00e9rio da Sa\u00fade n\u00e3o concedeu entrevista coletiva sobre os dados ou participou da entrevista coletiva di\u00e1ria no Pal\u00e1cio do Planalto. O titular da pasta, Nelson Teich, apresentou o balan\u00e7o de medidas em audi\u00eancia virtual da C\u00e2mara dos Deputados.<\/p>\n","protected":false},"excerpt":{"rendered":"<p>O Brasil chegou a 135.106&nbsp; casos confirmadosde covid-19, um aumento de 8% em rela\u00e7\u00e3o a ontem, quando foram registradas 125.218 mil pessoas nessa condi\u00e7\u00e3o. A&hellip; <\/p>\n","protected":false},"author":2,"featured_media":168134,"comment_status":"closed","ping_status":"closed","sticky":false,"template":"","format":"standard","meta":{"sfsi_plus_gutenberg_text_before_share":"","sfsi_plus_gutenberg_show_text_before_share":"","sfsi_plus_gutenberg_icon_type":"","sfsi_plus_gutenberg_icon_alignemt":"","sfsi_plus_gutenburg_max_per_row":"","footnotes":""},"categories":[2],"tags":[],"class_list":["post-168133","post","type-post","status-publish","format-standard","has-post-thumbnail","hentry","category-geral"],"_links":{"self":[{"href":"https:\/\/www.caririemacao.com\/1\/wp-json\/wp\/v2\/posts\/168133","targetHints":{"allow":["GET"]}}],"collection":[{"href":"https:\/\/www.caririemacao.com\/1\/wp-json\/wp\/v2\/posts"}],"about":[{"href":"https:\/\/www.caririemacao.com\/1\/wp-json\/wp\/v2\/types\/post"}],"author":[{"embeddable":true,"href":"https:\/\/www.caririemacao.com\/1\/wp-json\/wp\/v2\/users\/2"}],"replies":[{"embeddable":true,"href":"https:\/\/www.caririemacao.com\/1\/wp-json\/wp\/v2\/comments?post=168133"}],"version-history":[{"count":1,"href":"https:\/\/www.caririemacao.com\/1\/wp-json\/wp\/v2\/posts\/168133\/revisions"}],"predecessor-version":[{"id":168135,"href":"https:\/\/www.caririemacao.com\/1\/wp-json\/wp\/v2\/posts\/168133\/revisions\/168135"}],"wp:featuredmedia":[{"embeddable":true,"href":"https:\/\/www.caririemacao.com\/1\/wp-json\/wp\/v2\/media\/168134"}],"wp:attachment":[{"href":"https:\/\/www.caririemacao.com\/1\/wp-json\/wp\/v2\/media?parent=168133"}],"wp:term":[{"taxonomy":"category","embeddable":true,"href":"https:\/\/www.caririemacao.com\/1\/wp-json\/wp\/v2\/categories?post=168133"},{"taxonomy":"post_tag","embeddable":true,"href":"https:\/\/www.caririemacao.com\/1\/wp-json\/wp\/v2\/tags?post=168133"}],"curies":[{"name":"wp","href":"https:\/\/api.w.org\/{rel}","templated":true}]}}