{"id":168143,"date":"2020-05-08T07:21:18","date_gmt":"2020-05-08T10:21:18","guid":{"rendered":"https:\/\/www.caririemacao.com\/1\/?p=168143"},"modified":"2020-05-08T07:21:18","modified_gmt":"2020-05-08T10:21:18","slug":"prefeita-anna-lorena-concede-entrevista-e-faz-balanco-das-acoes-realizadas-na-quarentena","status":"publish","type":"post","link":"https:\/\/www.caririemacao.com\/1\/2020\/05\/08\/prefeita-anna-lorena-concede-entrevista-e-faz-balanco-das-acoes-realizadas-na-quarentena\/","title":{"rendered":"Prefeita Anna Lorena concede entrevista e faz balan\u00e7o das a\u00e7\u00f5es realizadas na quarentena"},"content":{"rendered":"\n<h1 class=\"wp-block-heading\"><\/h1>\n\n\n\n<hr class=\"wp-block-separator\"\/>\n\n\n\n<p>&nbsp;Dedica\u00e7\u00e3o di\u00e1ria das equipes e o compromisso com Monteiro foram os primeiros temas abordados pela gestora durante uma entrevista concedida na manh\u00e3 desta quarta-feira, 06.<\/p>\n\n\n\n<p>Na oportunidade Anna Lorena &nbsp;prestou contas das a\u00e7\u00f5es realizadas pela administra\u00e7\u00e3o municipal iniciando pela Secretaria de Sa\u00fade onde pontuou as a\u00e7\u00f5es que est\u00e3o sendo adotadas para a organiza\u00e7\u00e3o nas filas da Caixa Econ\u00f4mica Federal, al\u00e9m de medidas como o fechamento de tr\u00e2nsito e demarca\u00e7\u00e3o do solo nas ruas pr\u00f3ximas a ag\u00eancia, coloca\u00e7\u00e3o de banheiros qu\u00edmicos \u00e0 disposi\u00e7\u00e3o dos usu\u00e1rios assim como tendas e cadeiras para acomoda\u00e7\u00e3o durante a espera pelo atendimento, incentivo ao uso do \u00e1lcool em gel, distribui\u00e7\u00e3o de m\u00e1scaras, implanta\u00e7\u00e3o de lavat\u00f3rios e outras provid\u00eancias.<\/p>\n\n\n\n<p>Ap\u00f3s a exposi\u00e7\u00e3o destas a\u00e7\u00f5es, o entrevistador falou a respeito dos elogios que a administra\u00e7\u00e3o vem recebendo a respeito de como est\u00e3o lidando com este momento de pandemia. A gestora disse: \u201cSempre abra\u00e7amos e acolhemos as pessoas de outros munic\u00edpios nos tempos de normalidade e nessa situa\u00e7\u00e3o tamb\u00e9m, e ficamos felizes com o reconhecimento da popula\u00e7\u00e3o. Destacamos a dedica\u00e7\u00e3o di\u00e1ria, o respeito e o compromisso das nossas equipes\u201d.<\/p>\n\n\n\n<p>Anna Lorena ainda comentou sobre os dois casos confirmados do coronav\u00edrus no munic\u00edpio e a import\u00e2ncia das precau\u00e7\u00f5es que devem ser adotadas pela popula\u00e7\u00e3o.<\/p>\n\n\n\n<div class=\"wp-block-image\"><figure class=\"alignleft\"><img decoding=\"async\" data-src=\"https:\/\/i0.wp.com\/www.vitrinedocariri.com.br\/wp-content\/uploads\/2020\/05\/Prefeita-Anna-Lorena-concede-entrevista-e-faz-balan%C3%A7o-das-a%C3%A7%C3%B5es-realizadas-na-quarentena-2.jpeg?resize=300%2C114&amp;ssl=1\" alt=\"\" class=\"wp-image-70088 lazyload\" src=\"data:image\/svg+xml;base64,PHN2ZyB3aWR0aD0iMSIgaGVpZ2h0PSIxIiB4bWxucz0iaHR0cDovL3d3dy53My5vcmcvMjAwMC9zdmciPjwvc3ZnPg==\" \/><\/figure><\/div>\n\n\n\n<p>No decorrer da entrevista a prefeita falou sobre as atividades realizadas pelas secretarias municipais, mesmo em meio a pandemia, como por exemplo as a\u00e7\u00f5es do Desenvolvimento Social, expostos pela secret\u00e1ria Rosa Aleixo que tamb\u00e9m esteve presente: Orienta\u00e7\u00e3o com o acesso ao cadastro do aux\u00edlio emergencial, equipes do Bolsa Fam\u00edlia fazendo atendimentos em domicilio, Atividades de planejamento remoto com os t\u00e9cnicos e usu\u00e1rios para garantir a continuidade das a\u00e7\u00f5es da secretaria, Continuidade dos programas de seguran\u00e7a alimentar, &nbsp;exemplo da Cesta Social, Sopa da Gente, Nen\u00e9m Fortinho, entrega em domic\u00edlio de atividades juntamente com kit de higieniza\u00e7\u00e3o e alimenta\u00e7\u00e3o para os 100 idosos do SCFV al\u00e9m de disponibiliza\u00e7\u00e3o de v\u00eddeos de dan\u00e7as e exerc\u00edcios por rede social e o acompanhamento domiciliar das 300 fam\u00edlias beneficiadas atrav\u00e9s do Crian\u00e7a Feliz.<\/p>\n\n\n\n<p>No tocante aos outros servi\u00e7os executados pela Prefeitura, Anna Lorena destacou as obras de reforma dos PSFs das comunidades de Jabitac\u00e1, Cacimba de Cima e Queimadas e a constru\u00e7\u00e3o da Academia da Sa\u00fade do Serrote, um pedido feito durante as plen\u00e1rias naquela comunidade, conclus\u00e3o e in\u00edcio das pavimenta\u00e7\u00f5es de 50 ruas como: Vila Santa Maria (da BR pr\u00f3ximo a subesta\u00e7\u00e3o), Vereador Francisco Batista, travessa por tr\u00e1s do Col\u00e9gio Estadual Jos\u00e9 Leite de Sousa, &nbsp;as cinco ruas da Vilinha do A\u00e7ude, da rua do a\u00e7ude ao PSF 08, esgotamento e cal\u00e7amento da rua pr\u00f3xima a Z\u00e9 dos Cachimbos.<\/p>\n\n\n\n<p>Nos trabalhos realizados pela Secretaria de Agricultura a gestora destacou os reparos na estrada da comunidade do Limit\u00e3o e Bom Jesus sentido Cacimbinha, S\u00edtio Mulungu, dando acesso ao Sitio Bredos, Gameleira , Morcego, S\u00edtio Cacimba de Cima, sentido Tanques, S\u00edtio Impueira Funda, Sitio Samambaia, S\u00edtio Garapa, Parque Jos\u00e9 Galv\u00e3o, S\u00edtio Picos, Bom Jesus &nbsp;e Riacho Verde, Passagem molhada do S\u00edtio Barreiros totalmente recuperada, Limpeza da parede do A\u00e7ude do Serrote.<\/p>\n\n\n\n<p>Na zona urbana foram executados os servi\u00e7os de poda de \u00e1rvores, ro\u00e7o de mato, reparo de ruas no Loteamento Altiplano, Loteamento Alto da Serra, Loteamento On\u00f3rio Lopes 2, revitaliza\u00e7\u00e3o da Pra\u00e7a da Vila Popular e Pra\u00e7a Rua dos Pereiros.<\/p>\n","protected":false},"excerpt":{"rendered":"<p>&nbsp;Dedica\u00e7\u00e3o di\u00e1ria das equipes e o compromisso com Monteiro foram os primeiros temas abordados pela gestora durante uma entrevista concedida na manh\u00e3 desta quarta-feira, 06.&hellip; <\/p>\n","protected":false},"author":2,"featured_media":168144,"comment_status":"closed","ping_status":"closed","sticky":false,"template":"","format":"standard","meta":{"sfsi_plus_gutenberg_text_before_share":"","sfsi_plus_gutenberg_show_text_before_share":"","sfsi_plus_gutenberg_icon_type":"","sfsi_plus_gutenberg_icon_alignemt":"","sfsi_plus_gutenburg_max_per_row":"","footnotes":""},"categories":[2],"tags":[],"class_list":["post-168143","post","type-post","status-publish","format-standard","has-post-thumbnail","hentry","category-geral"],"_links":{"self":[{"href":"https:\/\/www.caririemacao.com\/1\/wp-json\/wp\/v2\/posts\/168143","targetHints":{"allow":["GET"]}}],"collection":[{"href":"https:\/\/www.caririemacao.com\/1\/wp-json\/wp\/v2\/posts"}],"about":[{"href":"https:\/\/www.caririemacao.com\/1\/wp-json\/wp\/v2\/types\/post"}],"author":[{"embeddable":true,"href":"https:\/\/www.caririemacao.com\/1\/wp-json\/wp\/v2\/users\/2"}],"replies":[{"embeddable":true,"href":"https:\/\/www.caririemacao.com\/1\/wp-json\/wp\/v2\/comments?post=168143"}],"version-history":[{"count":1,"href":"https:\/\/www.caririemacao.com\/1\/wp-json\/wp\/v2\/posts\/168143\/revisions"}],"predecessor-version":[{"id":168145,"href":"https:\/\/www.caririemacao.com\/1\/wp-json\/wp\/v2\/posts\/168143\/revisions\/168145"}],"wp:featuredmedia":[{"embeddable":true,"href":"https:\/\/www.caririemacao.com\/1\/wp-json\/wp\/v2\/media\/168144"}],"wp:attachment":[{"href":"https:\/\/www.caririemacao.com\/1\/wp-json\/wp\/v2\/media?parent=168143"}],"wp:term":[{"taxonomy":"category","embeddable":true,"href":"https:\/\/www.caririemacao.com\/1\/wp-json\/wp\/v2\/categories?post=168143"},{"taxonomy":"post_tag","embeddable":true,"href":"https:\/\/www.caririemacao.com\/1\/wp-json\/wp\/v2\/tags?post=168143"}],"curies":[{"name":"wp","href":"https:\/\/api.w.org\/{rel}","templated":true}]}}