{"id":168147,"date":"2020-05-08T07:23:52","date_gmt":"2020-05-08T10:23:52","guid":{"rendered":"https:\/\/www.caririemacao.com\/1\/?p=168147"},"modified":"2020-05-08T07:23:52","modified_gmt":"2020-05-08T10:23:52","slug":"companhias-aereas-passam-a-cobrar-uso-de-mascaras-por-passageiros","status":"publish","type":"post","link":"https:\/\/www.caririemacao.com\/1\/2020\/05\/08\/companhias-aereas-passam-a-cobrar-uso-de-mascaras-por-passageiros\/","title":{"rendered":"Companhias a\u00e9reas passam a cobrar uso de m\u00e1scaras por passageiros"},"content":{"rendered":"\n<h2 class=\"wp-block-heading\"><\/h2>\n\n\n\n<p>As companhias a\u00e9reas Latam, Gol e Azul passaram a exigir que todos os passageiros usem m\u00e1scaras durante os voos. O objetivo \u00e9 evitar a dissemina\u00e7\u00e3o do novo coronav\u00edrus nos avi\u00f5es durante as viagens.&nbsp;<\/p>\n\n\n\n<p>De acordo com a assessoria de imprensa da Azul, o uso de m\u00e1scaras j\u00e1 \u00e9 obrigat\u00f3rio nos voos da companhia desde ter\u00e7a-feira (5). A partir do pr\u00f3ximo domingo (10), a Gol passar\u00e1 a exigir que seus passageiros usem o equipamento de prote\u00e7\u00e3o. J\u00e1 na Latam, a obrigatoriedade de uso come\u00e7ar\u00e1 na segunda-feira (11).<\/p>\n\n\n\n<p>Os passageiros das tr\u00eas companhias ter\u00e3o de levar a pr\u00f3pria m\u00e1scara para usar durante os voos.<br><br>Nas ruas das cidades do estado de S\u00e3o Paulo, usar m\u00e1scaras tornou-se obrigat\u00f3rio nesta quinta-feira (7). O estado, que j\u00e1 exigia esse tipo de prote\u00e7\u00e3o dos usu\u00e1rios de transportes p\u00fablicos desde segunda-feira (4), agora cobra o uso de m\u00e1scaras em qualquer espa\u00e7o p\u00fablico.<\/p>\n","protected":false},"excerpt":{"rendered":"<p>As companhias a\u00e9reas Latam, Gol e Azul passaram a exigir que todos os passageiros usem m\u00e1scaras durante os voos. O objetivo \u00e9 evitar a dissemina\u00e7\u00e3o&hellip; <\/p>\n","protected":false},"author":2,"featured_media":168148,"comment_status":"closed","ping_status":"closed","sticky":false,"template":"","format":"standard","meta":{"sfsi_plus_gutenberg_text_before_share":"","sfsi_plus_gutenberg_show_text_before_share":"","sfsi_plus_gutenberg_icon_type":"","sfsi_plus_gutenberg_icon_alignemt":"","sfsi_plus_gutenburg_max_per_row":"","footnotes":""},"categories":[2],"tags":[],"class_list":["post-168147","post","type-post","status-publish","format-standard","has-post-thumbnail","hentry","category-geral"],"_links":{"self":[{"href":"https:\/\/www.caririemacao.com\/1\/wp-json\/wp\/v2\/posts\/168147","targetHints":{"allow":["GET"]}}],"collection":[{"href":"https:\/\/www.caririemacao.com\/1\/wp-json\/wp\/v2\/posts"}],"about":[{"href":"https:\/\/www.caririemacao.com\/1\/wp-json\/wp\/v2\/types\/post"}],"author":[{"embeddable":true,"href":"https:\/\/www.caririemacao.com\/1\/wp-json\/wp\/v2\/users\/2"}],"replies":[{"embeddable":true,"href":"https:\/\/www.caririemacao.com\/1\/wp-json\/wp\/v2\/comments?post=168147"}],"version-history":[{"count":1,"href":"https:\/\/www.caririemacao.com\/1\/wp-json\/wp\/v2\/posts\/168147\/revisions"}],"predecessor-version":[{"id":168149,"href":"https:\/\/www.caririemacao.com\/1\/wp-json\/wp\/v2\/posts\/168147\/revisions\/168149"}],"wp:featuredmedia":[{"embeddable":true,"href":"https:\/\/www.caririemacao.com\/1\/wp-json\/wp\/v2\/media\/168148"}],"wp:attachment":[{"href":"https:\/\/www.caririemacao.com\/1\/wp-json\/wp\/v2\/media?parent=168147"}],"wp:term":[{"taxonomy":"category","embeddable":true,"href":"https:\/\/www.caririemacao.com\/1\/wp-json\/wp\/v2\/categories?post=168147"},{"taxonomy":"post_tag","embeddable":true,"href":"https:\/\/www.caririemacao.com\/1\/wp-json\/wp\/v2\/tags?post=168147"}],"curies":[{"name":"wp","href":"https:\/\/api.w.org\/{rel}","templated":true}]}}