{"id":168164,"date":"2020-05-08T07:42:58","date_gmt":"2020-05-08T10:42:58","guid":{"rendered":"https:\/\/www.caririemacao.com\/1\/?p=168164"},"modified":"2020-05-08T07:42:58","modified_gmt":"2020-05-08T10:42:58","slug":"inss-esta-com-inscricoes-abertas-para-contratacao-temporaria-em-todo-o-pais","status":"publish","type":"post","link":"https:\/\/www.caririemacao.com\/1\/2020\/05\/08\/inss-esta-com-inscricoes-abertas-para-contratacao-temporaria-em-todo-o-pais\/","title":{"rendered":"INSS est\u00e1 com inscri\u00e7\u00f5es abertas para contrata\u00e7\u00e3o tempor\u00e1ria em todo o pa\u00eds"},"content":{"rendered":"\n<h1 class=\"wp-block-heading\"><\/h1>\n\n\n\n<p>Foram abertas na \u00faltima segunda-feira, dia 4, as inscri\u00e7\u00f5es para o Processo Seletivo Simplificado para contrata\u00e7\u00e3o tempor\u00e1ria de servidores civis federais aposentados e militares inativos para trabalharem na \u00e1rea previdenci\u00e1ria, no atendimento ao p\u00fablico e na an\u00e1lise de pedido de benef\u00edcios.<\/p>\n\n\n\n<p>Os servidores aposentados de qualquer \u00f3rg\u00e3o da Uni\u00e3o, incluindo os da UFCG, podem se inscrever para o Grupo G1, para atua\u00e7\u00e3o no atendimento e apoio operacional,&nbsp;com remunera\u00e7\u00e3o de R$ 2.100,00, al\u00e9m de aux\u00edlio-alimenta\u00e7\u00e3o e aux\u00edlio-transporte.<\/p>\n\n\n\n<p>As inscri\u00e7\u00f5es, gratuitas, v\u00e3o at\u00e9 o dia 10, por meio do formul\u00e1rio eletr\u00f4nico que est\u00e1 dispon\u00edvel no&nbsp;<a href=\"https:\/\/www.inss.gov.br\/temporarios\/\">site<\/a>&nbsp;do Instituto Nacional do Seguro Social (INSS), bem como edital e seus anexos.<\/p>\n\n\n\n<p>A contrata\u00e7\u00e3o de militares inativos e servidores aposentados foi a forma encontrada pelo governo para refor\u00e7ar o atendimento nas ag\u00eancias da Previd\u00eancia e reduzir o estoque de pedidos de benef\u00edcios em atraso no INSS. O n\u00famero de pedidos com mais de 45 dias de atraso passa de 1,3 milh\u00e3o.<\/p>\n\n\n\n<p>A lista de inscritos e o resultado preliminar devem ser divulgados no dia 18 de maio.<\/p>\n\n\n\n<p>O resultado final est\u00e1 previsto para 26 de maio. O contrato vai at\u00e9 31 de dezembro de 2021 e poder\u00e1 ser prorrogado uma \u00fanica vez, pelo per\u00edodo restante at\u00e9 atingir dois anos de servi\u00e7o. Os servidores e militares estar\u00e3o sujeitos a metas de desempenho.<\/p>\n","protected":false},"excerpt":{"rendered":"<p>Foram abertas na \u00faltima segunda-feira, dia 4, as inscri\u00e7\u00f5es para o Processo Seletivo Simplificado para contrata\u00e7\u00e3o tempor\u00e1ria de servidores civis federais aposentados e militares inativos&hellip; <\/p>\n","protected":false},"author":2,"featured_media":162708,"comment_status":"closed","ping_status":"closed","sticky":false,"template":"","format":"standard","meta":{"sfsi_plus_gutenberg_text_before_share":"","sfsi_plus_gutenberg_show_text_before_share":"","sfsi_plus_gutenberg_icon_type":"","sfsi_plus_gutenberg_icon_alignemt":"","sfsi_plus_gutenburg_max_per_row":"","footnotes":""},"categories":[2],"tags":[],"class_list":["post-168164","post","type-post","status-publish","format-standard","has-post-thumbnail","hentry","category-geral"],"_links":{"self":[{"href":"https:\/\/www.caririemacao.com\/1\/wp-json\/wp\/v2\/posts\/168164","targetHints":{"allow":["GET"]}}],"collection":[{"href":"https:\/\/www.caririemacao.com\/1\/wp-json\/wp\/v2\/posts"}],"about":[{"href":"https:\/\/www.caririemacao.com\/1\/wp-json\/wp\/v2\/types\/post"}],"author":[{"embeddable":true,"href":"https:\/\/www.caririemacao.com\/1\/wp-json\/wp\/v2\/users\/2"}],"replies":[{"embeddable":true,"href":"https:\/\/www.caririemacao.com\/1\/wp-json\/wp\/v2\/comments?post=168164"}],"version-history":[{"count":1,"href":"https:\/\/www.caririemacao.com\/1\/wp-json\/wp\/v2\/posts\/168164\/revisions"}],"predecessor-version":[{"id":168166,"href":"https:\/\/www.caririemacao.com\/1\/wp-json\/wp\/v2\/posts\/168164\/revisions\/168166"}],"wp:featuredmedia":[{"embeddable":true,"href":"https:\/\/www.caririemacao.com\/1\/wp-json\/wp\/v2\/media\/162708"}],"wp:attachment":[{"href":"https:\/\/www.caririemacao.com\/1\/wp-json\/wp\/v2\/media?parent=168164"}],"wp:term":[{"taxonomy":"category","embeddable":true,"href":"https:\/\/www.caririemacao.com\/1\/wp-json\/wp\/v2\/categories?post=168164"},{"taxonomy":"post_tag","embeddable":true,"href":"https:\/\/www.caririemacao.com\/1\/wp-json\/wp\/v2\/tags?post=168164"}],"curies":[{"name":"wp","href":"https:\/\/api.w.org\/{rel}","templated":true}]}}