{"id":168168,"date":"2020-05-08T08:02:14","date_gmt":"2020-05-08T11:02:14","guid":{"rendered":"https:\/\/www.caririemacao.com\/1\/?p=168168"},"modified":"2020-05-08T10:06:28","modified_gmt":"2020-05-08T13:06:28","slug":"covid-19-prefeitura-de-ouro-velho-distribui-mascaras-e-instala-mais-lavatorios-em-pontos-estrategicos-da-cidade","status":"publish","type":"post","link":"https:\/\/www.caririemacao.com\/1\/2020\/05\/08\/covid-19-prefeitura-de-ouro-velho-distribui-mascaras-e-instala-mais-lavatorios-em-pontos-estrategicos-da-cidade\/","title":{"rendered":"Covid-19: Prefeitura de Ouro Velho distribui m\u00e1scaras e instala mais lavat\u00f3rios em pontos estrat\u00e9gicos da cidade"},"content":{"rendered":"\n<p>Na manh\u00e3 da \u00faltima quinta-feira (07), o l\u00edder pol\u00edtico, Dr J\u00fanior, anunciou a instala\u00e7\u00e3o de mais lavat\u00f3rios populares que servir\u00e3o para higieniza\u00e7\u00e3o da popula\u00e7\u00e3o que necessita transitar por Ouro Velho. Desta forma a prefeitura chega a marca de 07 instalados em pontos estrat\u00e9gicos. Nesta segunda fase, ser\u00e3o entregues mais lavat\u00f3rios e mais de 2 mil m\u00e1scaras.<\/p>\n\n\n\n<p>\u201cEstamos intensificando o combate ao Covid-19 na cidade. Mesmo que n\u00e3o tenhamos nenhum caso confirmado, o que mostra que todo o trabalho est\u00e1 sendo bem executado.\u201d Disse Dr J\u00fanior.<\/p>\n\n\n\n<p>Segundo a prefeita, Nat\u00e1lia Lira, a\u00e7\u00f5es como esta continuar\u00e3o a acontecer ao longo dos pr\u00f3ximos dias na cidade.<\/p>\n\n\n\n<p>\u201cEstamos percebendo uma grande ades\u00e3o ao uso da m\u00e1scara, mas tamb\u00e9m&nbsp; encontramos algumas pessoas que n\u00e3o estavam usando. N\u00e3o podemos deixar nos acomodar. Esta \u00e9 uma causa voltada \u00e0 salvar vidas. A Prefeitura, mais uma vez, est\u00e1 ao lado da popula\u00e7\u00e3o, levando oportunidades para que possamos vencer esta pandemia\u201d, afirmou.<\/p>\n\n\n\n<p>Ouro Velho \u00e9 uma das poucas cidade da Para\u00edba, que adquiriram os testes r\u00e1pidos para covid-19 com recursos pr\u00f3prios.<\/p>\n\n\n\n<p>Com Pol\u00edtica Parahyba<\/p>\n","protected":false},"excerpt":{"rendered":"<p>Na manh\u00e3 da \u00faltima quinta-feira (07), o l\u00edder pol\u00edtico, Dr J\u00fanior, anunciou a instala\u00e7\u00e3o de mais lavat\u00f3rios populares que servir\u00e3o para higieniza\u00e7\u00e3o da popula\u00e7\u00e3o que&hellip; <\/p>\n","protected":false},"author":1,"featured_media":168169,"comment_status":"closed","ping_status":"closed","sticky":false,"template":"","format":"standard","meta":{"sfsi_plus_gutenberg_text_before_share":"","sfsi_plus_gutenberg_show_text_before_share":"","sfsi_plus_gutenberg_icon_type":"","sfsi_plus_gutenberg_icon_alignemt":"","sfsi_plus_gutenburg_max_per_row":"","footnotes":""},"categories":[6],"tags":[],"class_list":["post-168168","post","type-post","status-publish","format-standard","has-post-thumbnail","hentry","category-cidades"],"_links":{"self":[{"href":"https:\/\/www.caririemacao.com\/1\/wp-json\/wp\/v2\/posts\/168168","targetHints":{"allow":["GET"]}}],"collection":[{"href":"https:\/\/www.caririemacao.com\/1\/wp-json\/wp\/v2\/posts"}],"about":[{"href":"https:\/\/www.caririemacao.com\/1\/wp-json\/wp\/v2\/types\/post"}],"author":[{"embeddable":true,"href":"https:\/\/www.caririemacao.com\/1\/wp-json\/wp\/v2\/users\/1"}],"replies":[{"embeddable":true,"href":"https:\/\/www.caririemacao.com\/1\/wp-json\/wp\/v2\/comments?post=168168"}],"version-history":[{"count":3,"href":"https:\/\/www.caririemacao.com\/1\/wp-json\/wp\/v2\/posts\/168168\/revisions"}],"predecessor-version":[{"id":168233,"href":"https:\/\/www.caririemacao.com\/1\/wp-json\/wp\/v2\/posts\/168168\/revisions\/168233"}],"wp:featuredmedia":[{"embeddable":true,"href":"https:\/\/www.caririemacao.com\/1\/wp-json\/wp\/v2\/media\/168169"}],"wp:attachment":[{"href":"https:\/\/www.caririemacao.com\/1\/wp-json\/wp\/v2\/media?parent=168168"}],"wp:term":[{"taxonomy":"category","embeddable":true,"href":"https:\/\/www.caririemacao.com\/1\/wp-json\/wp\/v2\/categories?post=168168"},{"taxonomy":"post_tag","embeddable":true,"href":"https:\/\/www.caririemacao.com\/1\/wp-json\/wp\/v2\/tags?post=168168"}],"curies":[{"name":"wp","href":"https:\/\/api.w.org\/{rel}","templated":true}]}}