{"id":168171,"date":"2020-05-08T08:05:42","date_gmt":"2020-05-08T11:05:42","guid":{"rendered":"https:\/\/www.caririemacao.com\/1\/?p=168171"},"modified":"2020-05-08T08:05:42","modified_gmt":"2020-05-08T11:05:42","slug":"15-mil-testes-rapidos-de-covid-19-sao-distribuidos-nos-223-municipios-da-paraiba","status":"publish","type":"post","link":"https:\/\/www.caririemacao.com\/1\/2020\/05\/08\/15-mil-testes-rapidos-de-covid-19-sao-distribuidos-nos-223-municipios-da-paraiba\/","title":{"rendered":"15 mil testes r\u00e1pidos de Covid-19 s\u00e3o distribu\u00eddos nos 223 munic\u00edpios da Para\u00edba"},"content":{"rendered":"\n<p>O Governo da Para\u00edba distribui, a partir da \u00faltima quinta-feira (7), mais 15 mil testes r\u00e1pidos para todos os 223 munic\u00edpios paraibanos. A distribui\u00e7\u00e3o ser\u00e1 por meio das Ger\u00eancias Regionais de Sa\u00fade e o crit\u00e9rio ser\u00e1 de acordo com os munic\u00edpios que tenham o maior n\u00famero de casos de Covid-19 sendo investigados e registrados no sistema do Minist\u00e9rio da Sa\u00fade, E-Sus VE.\u00a0O teste pode ser aplicado nas pessoas a partir do 8\u00b0 dia do in\u00edcio de sintomas de s\u00edndrome gripal (febre, tosse seca, dor de garganta e dor no corpo) e ofertados nos servi\u00e7os de sa\u00fade em todos os munic\u00edpios. Todo caso positivo o munic\u00edpio dever\u00e1 notificar ao Estado, imediatamente.<\/p>\n\n\n\n<p>O Governo do Estado adquiriu 210 mil unidades de testes r\u00e1pidos, sendo 30% pagos com recursos encaminhados pelo Minist\u00e9rio da Sa\u00fade para o combate \u00e0 Covid-19. Estes 15 mil testes s\u00e3o do segundo lote. No final de abril, o Governo j\u00e1 havia distribu\u00eddo 20 mil testes e as pr\u00f3ximas unidades ser\u00e3o entregues \u00e0 medida que houver necessidade.<\/p>\n\n\n\n<p>De acordo com o governador Jo\u00e3o Azev\u00eado, a amplia\u00e7\u00e3o da testagem na popula\u00e7\u00e3o \u00e9 fundamental para tra\u00e7ar o perfil epidemiol\u00f3gico do Estado e auxiliar na tomada de decis\u00e3o voltada ao enfrentamento da pandemia.<\/p>\n\n\n\n<p>Com De Olho no Cariri<\/p>\n","protected":false},"excerpt":{"rendered":"<p>O Governo da Para\u00edba distribui, a partir da \u00faltima quinta-feira (7), mais 15 mil testes r\u00e1pidos para todos os 223 munic\u00edpios paraibanos. A distribui\u00e7\u00e3o ser\u00e1&hellip; <\/p>\n","protected":false},"author":1,"featured_media":167063,"comment_status":"closed","ping_status":"closed","sticky":false,"template":"","format":"standard","meta":{"sfsi_plus_gutenberg_text_before_share":"","sfsi_plus_gutenberg_show_text_before_share":"","sfsi_plus_gutenberg_icon_type":"","sfsi_plus_gutenberg_icon_alignemt":"","sfsi_plus_gutenburg_max_per_row":"","footnotes":""},"categories":[2],"tags":[],"class_list":["post-168171","post","type-post","status-publish","format-standard","has-post-thumbnail","hentry","category-geral"],"_links":{"self":[{"href":"https:\/\/www.caririemacao.com\/1\/wp-json\/wp\/v2\/posts\/168171","targetHints":{"allow":["GET"]}}],"collection":[{"href":"https:\/\/www.caririemacao.com\/1\/wp-json\/wp\/v2\/posts"}],"about":[{"href":"https:\/\/www.caririemacao.com\/1\/wp-json\/wp\/v2\/types\/post"}],"author":[{"embeddable":true,"href":"https:\/\/www.caririemacao.com\/1\/wp-json\/wp\/v2\/users\/1"}],"replies":[{"embeddable":true,"href":"https:\/\/www.caririemacao.com\/1\/wp-json\/wp\/v2\/comments?post=168171"}],"version-history":[{"count":1,"href":"https:\/\/www.caririemacao.com\/1\/wp-json\/wp\/v2\/posts\/168171\/revisions"}],"predecessor-version":[{"id":168172,"href":"https:\/\/www.caririemacao.com\/1\/wp-json\/wp\/v2\/posts\/168171\/revisions\/168172"}],"wp:featuredmedia":[{"embeddable":true,"href":"https:\/\/www.caririemacao.com\/1\/wp-json\/wp\/v2\/media\/167063"}],"wp:attachment":[{"href":"https:\/\/www.caririemacao.com\/1\/wp-json\/wp\/v2\/media?parent=168171"}],"wp:term":[{"taxonomy":"category","embeddable":true,"href":"https:\/\/www.caririemacao.com\/1\/wp-json\/wp\/v2\/categories?post=168171"},{"taxonomy":"post_tag","embeddable":true,"href":"https:\/\/www.caririemacao.com\/1\/wp-json\/wp\/v2\/tags?post=168171"}],"curies":[{"name":"wp","href":"https:\/\/api.w.org\/{rel}","templated":true}]}}