{"id":168173,"date":"2020-05-08T08:07:47","date_gmt":"2020-05-08T11:07:47","guid":{"rendered":"https:\/\/www.caririemacao.com\/1\/?p=168173"},"modified":"2020-05-08T10:09:43","modified_gmt":"2020-05-08T13:09:43","slug":"covid-19-78-das-utis-ja-estao-ocupadas-na-grande-joao-pessoa","status":"publish","type":"post","link":"https:\/\/www.caririemacao.com\/1\/2020\/05\/08\/covid-19-78-das-utis-ja-estao-ocupadas-na-grande-joao-pessoa\/","title":{"rendered":"Covid-19: 78% das UTI\u2019s j\u00e1 est\u00e3o ocupadas na grande Jo\u00e3o Pessoa"},"content":{"rendered":"\n<p>O secret\u00e1rio de Estado da Sa\u00fade, doutor Geraldo Medeiros, disse durante uma live na quinta-feira (7) a noite, que pode acontecer uma cat\u00e1strofe na regi\u00e3o metropolitana da capital, caso os n\u00fameros de pessoas infectadas continuem aumentando de forma significativa.<\/p>\n\n\n\n<p>O secret\u00e1rio de sa\u00fade faz alerta sobre o aumento expressivo dos n\u00fameros de casos da Covid-19.<\/p>\n\n\n\n<p>De acordo com ele, em todo Estado, s\u00e3o 192 novos casos e 10 \u00f3bitos nas \u00faltimas 24 horas.<\/p>\n\n\n\n<p>Doutor Geraldo afirma que a popula\u00e7\u00e3o que reside na Grande Jo\u00e3o Pessoa, \u00e9 a que mais preocupa as autoridades de sa\u00fade neste momento, pois 78% dos leitos de UTI\u2019s j\u00e1 est\u00e3o ocupados.<\/p>\n\n\n\n<p>\u201cSe n\u00f3s n\u00e3o ficarmos em casa, na pr\u00f3xima semana, estaremos aqui anunciando que n\u00e3o h\u00e1 mais leitos de UTI na Grande Jo\u00e3o Pessoa e a\u00ed, sim, na segunda-feira (11), teremos que adotar medidas r\u00edgidas e intensificando a restri\u00e7\u00e3o social\u201d.<\/p>\n\n\n\n<p>O secretario lembra nas \u00faltimas 24 horas, foram 15 pessoas internadas com a Covid-19 em Jo\u00e3o Pessoa, ocupando, com rapidez, todos os leitos que est\u00e3o sendo montando e remotando com o disparos das ondas e sem dar conta do n\u00famero de pessoas com o Cronav\u00edrus.<\/p>\n\n\n\n<p>Em Santa Rita, 40 pacientes internados na UPA da capital canavieira com s\u00edndrome respirat\u00f3ria, sendo dois j\u00e1 entubados em respira\u00e7\u00e3o mec\u00e2nica<\/p>\n\n\n\n<p>\u201cSe cuidem, cuidem dos seus pais, dos seus av\u00f3s e de voc\u00eas, porque sen\u00e3o, n\u00f3s teremos uma cat\u00e1strofe na Grande Jo\u00e3o Pessoa\u201d, alerta.<\/p>\n\n\n\n<p><strong>Da reda\u00e7\u00e3o<\/strong><\/p>\n","protected":false},"excerpt":{"rendered":"<p>O secret\u00e1rio de Estado da Sa\u00fade, doutor Geraldo Medeiros, disse durante uma live na quinta-feira (7) a noite, que pode acontecer uma cat\u00e1strofe na regi\u00e3o&hellip; <\/p>\n","protected":false},"author":1,"featured_media":168174,"comment_status":"closed","ping_status":"closed","sticky":false,"template":"","format":"standard","meta":{"sfsi_plus_gutenberg_text_before_share":"","sfsi_plus_gutenberg_show_text_before_share":"","sfsi_plus_gutenberg_icon_type":"","sfsi_plus_gutenberg_icon_alignemt":"","sfsi_plus_gutenburg_max_per_row":"","footnotes":""},"categories":[50],"tags":[],"class_list":["post-168173","post","type-post","status-publish","format-standard","has-post-thumbnail","hentry","category-destaque"],"_links":{"self":[{"href":"https:\/\/www.caririemacao.com\/1\/wp-json\/wp\/v2\/posts\/168173","targetHints":{"allow":["GET"]}}],"collection":[{"href":"https:\/\/www.caririemacao.com\/1\/wp-json\/wp\/v2\/posts"}],"about":[{"href":"https:\/\/www.caririemacao.com\/1\/wp-json\/wp\/v2\/types\/post"}],"author":[{"embeddable":true,"href":"https:\/\/www.caririemacao.com\/1\/wp-json\/wp\/v2\/users\/1"}],"replies":[{"embeddable":true,"href":"https:\/\/www.caririemacao.com\/1\/wp-json\/wp\/v2\/comments?post=168173"}],"version-history":[{"count":2,"href":"https:\/\/www.caririemacao.com\/1\/wp-json\/wp\/v2\/posts\/168173\/revisions"}],"predecessor-version":[{"id":168234,"href":"https:\/\/www.caririemacao.com\/1\/wp-json\/wp\/v2\/posts\/168173\/revisions\/168234"}],"wp:featuredmedia":[{"embeddable":true,"href":"https:\/\/www.caririemacao.com\/1\/wp-json\/wp\/v2\/media\/168174"}],"wp:attachment":[{"href":"https:\/\/www.caririemacao.com\/1\/wp-json\/wp\/v2\/media?parent=168173"}],"wp:term":[{"taxonomy":"category","embeddable":true,"href":"https:\/\/www.caririemacao.com\/1\/wp-json\/wp\/v2\/categories?post=168173"},{"taxonomy":"post_tag","embeddable":true,"href":"https:\/\/www.caririemacao.com\/1\/wp-json\/wp\/v2\/tags?post=168173"}],"curies":[{"name":"wp","href":"https:\/\/api.w.org\/{rel}","templated":true}]}}