{"id":168176,"date":"2020-05-08T08:09:37","date_gmt":"2020-05-08T11:09:37","guid":{"rendered":"https:\/\/www.caririemacao.com\/1\/?p=168176"},"modified":"2020-05-08T08:34:51","modified_gmt":"2020-05-08T11:34:51","slug":"fake-nao-governo-da-paraiba-lanca-site-de-checagem-de-noticias-e-veracidade-de-informacoes","status":"publish","type":"post","link":"https:\/\/www.caririemacao.com\/1\/2020\/05\/08\/fake-nao-governo-da-paraiba-lanca-site-de-checagem-de-noticias-e-veracidade-de-informacoes\/","title":{"rendered":"Fake N\u00e3o: Governo da Para\u00edba lan\u00e7a site de checagem de not\u00edcias e veracidade de informa\u00e7\u00f5es"},"content":{"rendered":"\n<p>O Governo do Estado montou uma equipe t\u00e9cnica para identificar e combater as fake news, a fim de restabelecer a verdade das informa\u00e7\u00f5es relativas \u00e0s medidas e provid\u00eancias adotadas pela administra\u00e7\u00e3o estadual no enfrentamento da pandemia do coronav\u00edrus. O trabalho vem impedindo a propaga\u00e7\u00e3o de not\u00edcias imprecisas ou mentirosas que possam levar desinforma\u00e7\u00e3o aos paraibanos. <\/p>\n\n\n\n<p>A equipe \u00e9 formada por t\u00e9cnicos da Secretaria de Estado da Comunica\u00e7\u00e3o Institucional, da Secretaria de Estado da Sa\u00fade, da Controladoria Geral do Estado, entre outros \u00f3rg\u00e3os vinculados, que utiliza uma plataforma de trabalho para identificar o alcance, abrang\u00eancia e tamb\u00e9m a autoria das fake news que buscam desinformar a popula\u00e7\u00e3o propagando informa\u00e7\u00f5es mentirosas e por muitas vezes caluniosas sobre as a\u00e7\u00f5es do Governo do Estado para minimizar os efeitos do coronav\u00edrus na Para\u00edba.<\/p>\n\n\n\n<p>Ao identificar uma fake news, a equipe de t\u00e9cnicos faz uma checagem dos dados reais junto aos \u00f3rg\u00e3os relacionados para, assim, poder levar a informa\u00e7\u00e3o verdadeira com conte\u00fado de qualidade e embasamento t\u00e9cnico \u2013 inclusive com documenta\u00e7\u00e3o comprobat\u00f3ria \u2013 para a popula\u00e7\u00e3o paraibana e esclarecer d\u00favidas que possam surgir por causa da divulga\u00e7\u00e3o das not\u00edcias mentirosas.<\/p>\n\n\n\n<p>Reda\u00e7\u00e3o M\u00e1rio Sorrentino<\/p>\n","protected":false},"excerpt":{"rendered":"<p>O Governo do Estado montou uma equipe t\u00e9cnica para identificar e combater as fake news, a fim de restabelecer a verdade das informa\u00e7\u00f5es relativas \u00e0s&hellip; <\/p>\n","protected":false},"author":1,"featured_media":168202,"comment_status":"closed","ping_status":"closed","sticky":false,"template":"","format":"standard","meta":{"sfsi_plus_gutenberg_text_before_share":"","sfsi_plus_gutenberg_show_text_before_share":"","sfsi_plus_gutenberg_icon_type":"","sfsi_plus_gutenberg_icon_alignemt":"","sfsi_plus_gutenburg_max_per_row":"","footnotes":""},"categories":[50],"tags":[],"class_list":["post-168176","post","type-post","status-publish","format-standard","has-post-thumbnail","hentry","category-destaque"],"_links":{"self":[{"href":"https:\/\/www.caririemacao.com\/1\/wp-json\/wp\/v2\/posts\/168176","targetHints":{"allow":["GET"]}}],"collection":[{"href":"https:\/\/www.caririemacao.com\/1\/wp-json\/wp\/v2\/posts"}],"about":[{"href":"https:\/\/www.caririemacao.com\/1\/wp-json\/wp\/v2\/types\/post"}],"author":[{"embeddable":true,"href":"https:\/\/www.caririemacao.com\/1\/wp-json\/wp\/v2\/users\/1"}],"replies":[{"embeddable":true,"href":"https:\/\/www.caririemacao.com\/1\/wp-json\/wp\/v2\/comments?post=168176"}],"version-history":[{"count":1,"href":"https:\/\/www.caririemacao.com\/1\/wp-json\/wp\/v2\/posts\/168176\/revisions"}],"predecessor-version":[{"id":168178,"href":"https:\/\/www.caririemacao.com\/1\/wp-json\/wp\/v2\/posts\/168176\/revisions\/168178"}],"wp:featuredmedia":[{"embeddable":true,"href":"https:\/\/www.caririemacao.com\/1\/wp-json\/wp\/v2\/media\/168202"}],"wp:attachment":[{"href":"https:\/\/www.caririemacao.com\/1\/wp-json\/wp\/v2\/media?parent=168176"}],"wp:term":[{"taxonomy":"category","embeddable":true,"href":"https:\/\/www.caririemacao.com\/1\/wp-json\/wp\/v2\/categories?post=168176"},{"taxonomy":"post_tag","embeddable":true,"href":"https:\/\/www.caririemacao.com\/1\/wp-json\/wp\/v2\/tags?post=168176"}],"curies":[{"name":"wp","href":"https:\/\/api.w.org\/{rel}","templated":true}]}}