{"id":168179,"date":"2020-05-08T08:18:16","date_gmt":"2020-05-08T11:18:16","guid":{"rendered":"https:\/\/www.caririemacao.com\/1\/?p=168179"},"modified":"2020-05-08T08:18:16","modified_gmt":"2020-05-08T11:18:16","slug":"psol-denuncia-governo-bolsonaro-por-nova-apologia-a-ditadura-e-seus-torturadores","status":"publish","type":"post","link":"https:\/\/www.caririemacao.com\/1\/2020\/05\/08\/psol-denuncia-governo-bolsonaro-por-nova-apologia-a-ditadura-e-seus-torturadores\/","title":{"rendered":"PSOL denuncia governo Bolsonaro por nova apologia \u00e0 ditadura e seus torturadores"},"content":{"rendered":"\n<h1 class=\"wp-block-heading\"><\/h1>\n\n\n\n<p><\/p>\n\n\n\n<p>A bancada do PSOL na C\u00e2mara dos Deputados enviou uma&nbsp;<strong>representa\u00e7\u00e3o \u00e1 Procuradoria-Geral da Rep\u00fablica<\/strong>&nbsp;nesta quarta-feira (6) para solicitar a abertura de um inqu\u00e9rito criminal contra o presidente Jair Bolsonaro por causa de suas repetidas a\u00e7\u00f5es de apologia \u00e0 ditadura militar no Brasil e incita\u00e7\u00e3o ao crime.<\/p>\n\n\n\n<p>A representa\u00e7\u00e3o tamb\u00e9m \u00e9 dirigida contra Fabio Wajngarten, Secret\u00e1rio Especial de Comunica\u00e7\u00e3o Social da Secretaria Geral da Presid\u00eancia da Rep\u00fablica (Secom), e Luiz Eduardo Ramos Baptista, Ministro-Chefe da Secretaria de Governo.<\/p>\n\n\n\n<p>Um dos motivos da iniciativa foi a decis\u00e3o de Bolsonaro de receber, no dia 4 de maio, no seu gabinete no Pal\u00e1cio do Planalto, o militar da reserva do Ex\u00e9rcito Sebasti\u00e3o Curi\u00f3 Rodrigues de Moura, um dos chefes da repress\u00e3o \u00e0 Guerrilha do Araguaia, nos anos 70, durante a ditadura militar.<\/p>\n\n\n\n<p>A Secretaria de Comunica\u00e7\u00e3o Social da Presid\u00eancia da Rep\u00fablica (Secom) ainda usou sua conta oficial no Twitter e no Instagram para realizar homenagem ao militar, que j\u00e1 confessou ter sido respons\u00e1vel pela execu\u00e7\u00e3o de 41 pessoas na Guerrilha do Araguaia. O \u00f3rg\u00e3o ainda chamou o assassino confesso de \u201cher\u00f3i\u201d.<\/p>\n\n\n\n<p>O texto ainda cita incidentes com deputado federal, Eduardo Bolsonaro, com o Porta-Voz da Presid\u00eancia da Rep\u00fablica, Ot\u00e1vio R\u00eago Barros, General Augusto Heleno, Ministro-Chefe do Gabinete de Seguran\u00e7a Institucional, Hamilton Mour\u00e3o e Fernando Azevedo e Silva.<\/p>\n","protected":false},"excerpt":{"rendered":"<p>A bancada do PSOL na C\u00e2mara dos Deputados enviou uma&nbsp;representa\u00e7\u00e3o \u00e1 Procuradoria-Geral da Rep\u00fablica&nbsp;nesta quarta-feira (6) para solicitar a abertura de um inqu\u00e9rito criminal contra&hellip; <\/p>\n","protected":false},"author":2,"featured_media":166961,"comment_status":"closed","ping_status":"closed","sticky":false,"template":"","format":"standard","meta":{"sfsi_plus_gutenberg_text_before_share":"","sfsi_plus_gutenberg_show_text_before_share":"","sfsi_plus_gutenberg_icon_type":"","sfsi_plus_gutenberg_icon_alignemt":"","sfsi_plus_gutenburg_max_per_row":"","footnotes":""},"categories":[11],"tags":[],"class_list":["post-168179","post","type-post","status-publish","format-standard","has-post-thumbnail","hentry","category-politica"],"_links":{"self":[{"href":"https:\/\/www.caririemacao.com\/1\/wp-json\/wp\/v2\/posts\/168179","targetHints":{"allow":["GET"]}}],"collection":[{"href":"https:\/\/www.caririemacao.com\/1\/wp-json\/wp\/v2\/posts"}],"about":[{"href":"https:\/\/www.caririemacao.com\/1\/wp-json\/wp\/v2\/types\/post"}],"author":[{"embeddable":true,"href":"https:\/\/www.caririemacao.com\/1\/wp-json\/wp\/v2\/users\/2"}],"replies":[{"embeddable":true,"href":"https:\/\/www.caririemacao.com\/1\/wp-json\/wp\/v2\/comments?post=168179"}],"version-history":[{"count":1,"href":"https:\/\/www.caririemacao.com\/1\/wp-json\/wp\/v2\/posts\/168179\/revisions"}],"predecessor-version":[{"id":168181,"href":"https:\/\/www.caririemacao.com\/1\/wp-json\/wp\/v2\/posts\/168179\/revisions\/168181"}],"wp:featuredmedia":[{"embeddable":true,"href":"https:\/\/www.caririemacao.com\/1\/wp-json\/wp\/v2\/media\/166961"}],"wp:attachment":[{"href":"https:\/\/www.caririemacao.com\/1\/wp-json\/wp\/v2\/media?parent=168179"}],"wp:term":[{"taxonomy":"category","embeddable":true,"href":"https:\/\/www.caririemacao.com\/1\/wp-json\/wp\/v2\/categories?post=168179"},{"taxonomy":"post_tag","embeddable":true,"href":"https:\/\/www.caririemacao.com\/1\/wp-json\/wp\/v2\/tags?post=168179"}],"curies":[{"name":"wp","href":"https:\/\/api.w.org\/{rel}","templated":true}]}}