{"id":168186,"date":"2020-05-08T08:21:08","date_gmt":"2020-05-08T11:21:08","guid":{"rendered":"https:\/\/www.caririemacao.com\/1\/?p=168186"},"modified":"2020-05-08T08:21:08","modified_gmt":"2020-05-08T11:21:08","slug":"lideres-do-pt-afirmam-que-condenacao-de-lula-no-trf4-e-farsa","status":"publish","type":"post","link":"https:\/\/www.caririemacao.com\/1\/2020\/05\/08\/lideres-do-pt-afirmam-que-condenacao-de-lula-no-trf4-e-farsa\/","title":{"rendered":"Lideres do PT afirmam que Condena\u00e7\u00e3o de Lula no TRF4 \u00e9 farsa"},"content":{"rendered":"\n<h1 class=\"wp-block-heading\"><\/h1>\n\n\n\n<p>Enquanto o pa\u00eds se debate com a realidade cruel da&nbsp;pandemia, que agrava ainda mais a&nbsp;crise pol\u00edtica, econ\u00f4mica e social do&nbsp;desgoverno&nbsp;Bolsonaro, o Tribunal Regional Federal da 4\u00aa Regi\u00e3o retomou na quarta-feira, 6 de maio, de forma arbitr\u00e1ria e covarde, a farsa judicial contra o ex-presidente&nbsp;Lula.<\/p>\n\n\n\n<p>Num julgamento secreto, convocado \u00e0s pressas e negando voz \u00e0 defesa de&nbsp;Lula, o TRF4 confirmou a absurda senten\u00e7a da Vara da Lava Jato de Curitiba no caso Atibaia. Foi mais um processo armado desde o in\u00edcio por Sergio Moro para condenar o ex-presidente, e novamente contra todas as provas de que as acusa\u00e7\u00f5es s\u00e3o falsas e Lula n\u00e3o cometeu crime algum.<\/p>\n\n\n\n<p>O julgamento secreto da a\u00e7\u00e3o de Atibaia rescende a \u00f3dio pol\u00edtico e preconceito de classe, como foi a farsa combinada no mesmo tribunal em janeiro de 2018 para condenar Lula \u00e0 pris\u00e3o por um crime que \u2013 como bem sabem os desembargadores, os ju\u00edzes e procuradores \u2013 ele n\u00e3o cometeu. A decis\u00e3o de hoje \u00e9 torpe e tem cheiro de vingan\u00e7a.<\/p>\n\n\n\n<p>A defesa de Lula demonstrou cabalmente as muitas ilegalidades da senten\u00e7a inicial, que copia trechos de outro caso (como a pr\u00f3pria ju\u00edza confessou) e condena Lula por uma acusa\u00e7\u00e3o falsa (de suposto articulador de um esquema de&nbsp;corrup\u00e7\u00e3o), da qual ele j\u00e1 havia sido absolvido pelo ju\u00edzo apropriado, no caso, a&nbsp;Justi\u00e7a&nbsp;Federal em Bras\u00edlia.<\/p>\n\n\n\n<p>Em 2018, o TRF4 armou um circo midi\u00e1tico em parceria com a&nbsp;Rede&nbsp;Globo, n\u00e3o s\u00f3 para coroar a farsa do tr\u00edplex, mas para influir diretamente nas elei\u00e7\u00f5es presidenciais. Condenaram ao mesmo tempo um homem sem culpa e o projeto pol\u00edtico que ele representa, sendo este o principal objetivo. Agiram deliberadamente para tirar o favorito Lula das elei\u00e7\u00f5es, fragilizar o&nbsp;PT&nbsp;e eleger&nbsp;Jair Bolsonaro.<\/p>\n\n\n\n<p><ins><\/ins><\/p>\n\n\n\n<p>Dois anos depois, com a farsa do tr\u00edplex desmascarada pela comunidade jur\u00eddica nacional e internacional e pelas revela\u00e7\u00f5es da&nbsp;Vaza Jato; com Sergio Moro desqualificado como juiz, aguardando conclus\u00e3o do julgamento de sua parcialidade pelo&nbsp;STF, e com o desastre Bolsonaro escancarado ante o pa\u00eds e o mundo, o TRF4 se escondeu num \u201cplen\u00e1rio virtual\u201d para continuar a farsa num segundo ato.<\/p>\n\n\n\n<p>N\u00e3o \u00e9 vergonha o que eles sentem para se esconder dessa forma, pois j\u00e1 haviam cruzado antes a fronteira da dec\u00eancia e do compromisso com a verdade e a Justi\u00e7a. \u00c9 a covardia dos que v\u00eam a falsidade desmoronar diante da realidade e do curso implac\u00e1vel da hist\u00f3ria.<\/p>\n\n\n\n<p>Os c\u00famplices dessa farsa ainda responder\u00e3o pelos crimes que cometeram, assim como seu chefe Sergio Moro e o monstro Bolsonaro que ajudaram a criar.<\/p>\n","protected":false},"excerpt":{"rendered":"<p>Enquanto o pa\u00eds se debate com a realidade cruel da&nbsp;pandemia, que agrava ainda mais a&nbsp;crise pol\u00edtica, econ\u00f4mica e social do&nbsp;desgoverno&nbsp;Bolsonaro, o Tribunal Regional Federal da&hellip; <\/p>\n","protected":false},"author":2,"featured_media":159087,"comment_status":"closed","ping_status":"closed","sticky":false,"template":"","format":"standard","meta":{"sfsi_plus_gutenberg_text_before_share":"","sfsi_plus_gutenberg_show_text_before_share":"","sfsi_plus_gutenberg_icon_type":"","sfsi_plus_gutenberg_icon_alignemt":"","sfsi_plus_gutenburg_max_per_row":"","footnotes":""},"categories":[2],"tags":[],"class_list":["post-168186","post","type-post","status-publish","format-standard","has-post-thumbnail","hentry","category-geral"],"_links":{"self":[{"href":"https:\/\/www.caririemacao.com\/1\/wp-json\/wp\/v2\/posts\/168186","targetHints":{"allow":["GET"]}}],"collection":[{"href":"https:\/\/www.caririemacao.com\/1\/wp-json\/wp\/v2\/posts"}],"about":[{"href":"https:\/\/www.caririemacao.com\/1\/wp-json\/wp\/v2\/types\/post"}],"author":[{"embeddable":true,"href":"https:\/\/www.caririemacao.com\/1\/wp-json\/wp\/v2\/users\/2"}],"replies":[{"embeddable":true,"href":"https:\/\/www.caririemacao.com\/1\/wp-json\/wp\/v2\/comments?post=168186"}],"version-history":[{"count":1,"href":"https:\/\/www.caririemacao.com\/1\/wp-json\/wp\/v2\/posts\/168186\/revisions"}],"predecessor-version":[{"id":168189,"href":"https:\/\/www.caririemacao.com\/1\/wp-json\/wp\/v2\/posts\/168186\/revisions\/168189"}],"wp:featuredmedia":[{"embeddable":true,"href":"https:\/\/www.caririemacao.com\/1\/wp-json\/wp\/v2\/media\/159087"}],"wp:attachment":[{"href":"https:\/\/www.caririemacao.com\/1\/wp-json\/wp\/v2\/media?parent=168186"}],"wp:term":[{"taxonomy":"category","embeddable":true,"href":"https:\/\/www.caririemacao.com\/1\/wp-json\/wp\/v2\/categories?post=168186"},{"taxonomy":"post_tag","embeddable":true,"href":"https:\/\/www.caririemacao.com\/1\/wp-json\/wp\/v2\/tags?post=168186"}],"curies":[{"name":"wp","href":"https:\/\/api.w.org\/{rel}","templated":true}]}}