{"id":168193,"date":"2020-05-08T08:29:09","date_gmt":"2020-05-08T11:29:09","guid":{"rendered":"https:\/\/www.caririemacao.com\/1\/?p=168193"},"modified":"2020-05-08T08:29:09","modified_gmt":"2020-05-08T11:29:09","slug":"aulas-virtuais-tem-adesao-de-16-mil-alunos-da-rede-municipal-de-conde","status":"publish","type":"post","link":"https:\/\/www.caririemacao.com\/1\/2020\/05\/08\/aulas-virtuais-tem-adesao-de-16-mil-alunos-da-rede-municipal-de-conde\/","title":{"rendered":"Aulas virtuais tem ades\u00e3o de 1,6 mil alunos da rede municipal de Conde"},"content":{"rendered":"\n<p>As aulas virtuais de L\u00edngua Portuguesa e Matem\u00e1tica, oferecidas pela Secretaria de Educa\u00e7\u00e3o de Conde, ap\u00f3s a suspens\u00e3o das aulas da rede municipal de ensino devido \u00e0 pandemia do novo coronav\u00edrus, t\u00eam apresentado grande ades\u00e3o dos alunos. As aulas tamb\u00e9m est\u00e3o sendo aplicadas na Educa\u00e7\u00e3o Infantil, Fundamental I e II e Educa\u00e7\u00e3o de Jovens e Adultos (EJA).<\/p>\n\n\n\n<p>Dos alunos matriculados na rede p\u00fablica, 1.600 est\u00e3o acessando a plataforma online para garantir o andamento dos estudos em meio \u00e0 pandemia. As aulas foram iniciadas no dia 21 de mar\u00e7o. As salas virtuais funcionam atrav\u00e9s do aplicativo WhatsApp, onde os alunos s\u00e3o inseridos voluntariamente.<\/p>\n\n\n\n<p>O levantamento feito pela Secretaria de Educa\u00e7\u00e3o mostra que, 188 alunos do n\u00edvel avan\u00e7ado, que compreende o ensino do 6\u00ba ao 9\u00ba ano, apresentaram rendimentos de 80% a 100% no \u00faltimo simulado e a participa\u00e7\u00e3o nas atividades remotas registraram m\u00e9dias de 56% nos anos iniciais e 77% nos anos finais.<\/p>\n\n\n\n<p>Para auxiliar durante os estudos, os alunos recebem v\u00eddeo-aulas gravadas pelos professores do n\u00facleo de forma\u00e7\u00e3o, material complementar em PDF sobre o tema que ser\u00e1 abordado nas aulas, lista de exerc\u00edcios, simulado online e tem professores dispon\u00edveis todos os dias das 7h \u00e0s 21h para tirar d\u00favidas. Al\u00e9m disso, tamb\u00e9m podem ocorrer f\u00f3runs de discuss\u00e3o.<\/p>\n\n\n\n<p>Os alunos deixam as resolu\u00e7\u00f5es das atividades em seu pr\u00f3prio caderno e no retorno \u00e0s aulas, os professores de portugu\u00eas e matem\u00e1tica ir\u00e3o avaliar. J\u00e1 os alunos que apresentam dificuldades para o ensino \u00e0 dist\u00e2ncia, os exerc\u00edcios s\u00e3o enviados \u00e0s escolas, que realizam a impress\u00e3o e entregam aos respons\u00e1veis.<\/p>\n\n\n\n<p>As crian\u00e7as da Educa\u00e7\u00e3o Infantil recebem dos professores sugest\u00f5es de brincadeiras, hist\u00f3rias contadas e pequenos trechos que os pais podem ler para elas durante a suspens\u00e3o das aulas.<\/p>\n\n\n\n<p>De acordo com a secret\u00e1ria de Educa\u00e7\u00e3o de Conde, Cida Uch\u00f4a, a a\u00e7\u00e3o \u00e9 importante para manter a rotina de aprendizagem dos alunos. Ela tamb\u00e9m destacou que a resposta das crian\u00e7as e familiares tem sido gratificante.<\/p>\n\n\n\n<p>&#8220;Essa \u00e9 uma forma de fazer com que os alunos n\u00e3o percam o pique da rotina de estudos. Temos visto que a resposta das crian\u00e7as e dos familiares tem sido muito boa e isso \u00e9 muito gratificante. Alguns alunos chegam a perguntar quando ser\u00e3o entregues as pr\u00f3ximas atividades. Isso mostra que eles est\u00e3o levando o ritmo das tarefas escolares e isso \u00e9 muito bom&#8221;, afirmou.<\/p>\n\n\n\n<p>Com blog M\u00e1rio Sorretino<\/p>\n","protected":false},"excerpt":{"rendered":"<p>As aulas virtuais de L\u00edngua Portuguesa e Matem\u00e1tica, oferecidas pela Secretaria de Educa\u00e7\u00e3o de Conde, ap\u00f3s a suspens\u00e3o das aulas da rede municipal de ensino&hellip; <\/p>\n","protected":false},"author":1,"featured_media":168194,"comment_status":"closed","ping_status":"closed","sticky":false,"template":"","format":"standard","meta":{"sfsi_plus_gutenberg_text_before_share":"","sfsi_plus_gutenberg_show_text_before_share":"","sfsi_plus_gutenberg_icon_type":"","sfsi_plus_gutenberg_icon_alignemt":"","sfsi_plus_gutenburg_max_per_row":"","footnotes":""},"categories":[14],"tags":[],"class_list":["post-168193","post","type-post","status-publish","format-standard","has-post-thumbnail","hentry","category-educacao"],"_links":{"self":[{"href":"https:\/\/www.caririemacao.com\/1\/wp-json\/wp\/v2\/posts\/168193","targetHints":{"allow":["GET"]}}],"collection":[{"href":"https:\/\/www.caririemacao.com\/1\/wp-json\/wp\/v2\/posts"}],"about":[{"href":"https:\/\/www.caririemacao.com\/1\/wp-json\/wp\/v2\/types\/post"}],"author":[{"embeddable":true,"href":"https:\/\/www.caririemacao.com\/1\/wp-json\/wp\/v2\/users\/1"}],"replies":[{"embeddable":true,"href":"https:\/\/www.caririemacao.com\/1\/wp-json\/wp\/v2\/comments?post=168193"}],"version-history":[{"count":1,"href":"https:\/\/www.caririemacao.com\/1\/wp-json\/wp\/v2\/posts\/168193\/revisions"}],"predecessor-version":[{"id":168195,"href":"https:\/\/www.caririemacao.com\/1\/wp-json\/wp\/v2\/posts\/168193\/revisions\/168195"}],"wp:featuredmedia":[{"embeddable":true,"href":"https:\/\/www.caririemacao.com\/1\/wp-json\/wp\/v2\/media\/168194"}],"wp:attachment":[{"href":"https:\/\/www.caririemacao.com\/1\/wp-json\/wp\/v2\/media?parent=168193"}],"wp:term":[{"taxonomy":"category","embeddable":true,"href":"https:\/\/www.caririemacao.com\/1\/wp-json\/wp\/v2\/categories?post=168193"},{"taxonomy":"post_tag","embeddable":true,"href":"https:\/\/www.caririemacao.com\/1\/wp-json\/wp\/v2\/tags?post=168193"}],"curies":[{"name":"wp","href":"https:\/\/api.w.org\/{rel}","templated":true}]}}