{"id":168196,"date":"2020-05-08T08:31:36","date_gmt":"2020-05-08T11:31:36","guid":{"rendered":"https:\/\/www.caririemacao.com\/1\/?p=168196"},"modified":"2020-05-08T08:31:36","modified_gmt":"2020-05-08T11:31:36","slug":"mp-e-secretaria-de-saude-discutem-intensificacao-do-isolamento-social-na-pb","status":"publish","type":"post","link":"https:\/\/www.caririemacao.com\/1\/2020\/05\/08\/mp-e-secretaria-de-saude-discutem-intensificacao-do-isolamento-social-na-pb\/","title":{"rendered":"MP e Secretaria de Sa\u00fade discutem intensifica\u00e7\u00e3o do isolamento social na PB"},"content":{"rendered":"\n<p>O abandono do isolamento social por parte da popula\u00e7\u00e3o paraibana implicaria numa trag\u00e9dia anunciada, que j\u00e1 est\u00e1 sendo verificada em outros estados do pa\u00eds. O alerta foi feito pelos gestores da Secretaria de Estado da Sa\u00fade (SES), durante uma videoconfer\u00eancia realizada pelo Minist\u00e9rio P\u00fablico da Para\u00edba, na ter\u00e7a-feira (06\/05).<\/p>\n\n\n\n<p>A SES pediu a interven\u00e7\u00e3o do MPPB para a intensifica\u00e7\u00e3o da restri\u00e7\u00e3o social, com o objetivo de evitar o colapso dos servi\u00e7os, neste m\u00eas de maio. A solicita\u00e7\u00e3o foi feita durante o encontro que contou com a participa\u00e7\u00e3o de mais de 50 procuradores e promotores de Justi\u00e7a que atuam na \u00e1rea de sa\u00fade, nos munic\u00edpios.<\/p>\n\n\n\n<p>A situa\u00e7\u00e3o \u00e9 mais preocupante nas cidades que comp\u00f5em a Regi\u00e3o Metropolitana de Jo\u00e3o Pessoa, onde mais de 80% dos leitos de UTI para adultos j\u00e1 foram ocupados por pacientes que desenvolveram a forma grave da doen\u00e7a.<\/p>\n\n\n\n<p>O procurador-geral de Justi\u00e7a, Francisco Ser\u00e1phico Ferraz da N\u00f3brega Filho, abriu o encontro agradecendo a disponibilidade dos membros do MPPB e da SES para discutir como as institui\u00e7\u00f5es est\u00e3o atuando e devem atuar para evitar o pior.<\/p>\n\n\n\n<p>\u201cConvidamos os representantes da SES para explicitarem detalhes da situa\u00e7\u00e3o epidemiol\u00f3gica e do plano de conting\u00eancia do Estado para a conten\u00e7\u00e3o da covid-19 e atendimento \u00e0 popula\u00e7\u00e3o doente. A situa\u00e7\u00e3o, principalmente da Grande Jo\u00e3o Pessoa, tem nos preocupado muito. Ent\u00e3o, o Gabinete de Gest\u00e3o de Crise do MPPB decidiu fazer esse evento para que o Estado pudesse explicar aos membros as medidas tomadas, a progress\u00e3o dos casos e responder aos questionamentos dos promotores, a fim de que possamos buscar uma atua\u00e7\u00e3o uniforme, sem preju\u00edzo da autonomia funcional\u201d, destacou.<\/p>\n\n\n\n<p><strong>Estrutura<\/strong><\/p>\n\n\n\n<p>A explica\u00e7\u00f5es e respostas aos membros do MP foram dadas pelo secret\u00e1rio Geraldo Medeiros; pela secret\u00e1ria-executiva, Renata N\u00f3brega, e o secret\u00e1rio-executivo de Gest\u00e3o Hospitalar, Daniel Beltrammi. Os membros do MPPB encaminham dezenas de questionamentos aos gestores estaduais, a respeito da estrutura dos servi\u00e7os de sa\u00fade, como oferta e ocupa\u00e7\u00e3o de leitos; repasse de recursos aos munic\u00edpios pelo Governo Federal e contrapartidas do Estado; disponibilidade de medicamentos, testes, exames e equipamentos de prote\u00e7\u00e3o individual para profissionais de sa\u00fade.<\/p>\n\n\n\n<p>O secret\u00e1rio de Sa\u00fade falou da evolu\u00e7\u00e3o dos casos de covid no Brasil, com in\u00edcio em 26 de fevereiro, e na Para\u00edba, em 18 de mar\u00e7o. Ele disse que, um dia depois do primeiro caso no Pa\u00eds, a SES iniciou o planejamento de prepara\u00e7\u00e3o para que, quando o Estado atingisse o pico de incid\u00eancia tivesse o m\u00e1ximo poss\u00edvel de seguran\u00e7a, principalmente em leitos e testes r\u00e1pidos. Segundo o secret\u00e1rio, essa estrutura tem avan\u00e7ado, mas a popula\u00e7\u00e3o precisa colaborar, porque n\u00e3o haver\u00e1 leitos para um adoecimento em massa.<\/p>\n\n\n\n<p>\u201cTemos um n\u00famero confort\u00e1vel de leitos de enfermaria e isolamento, mas dificuldades de leitos de UTI e de profissionais intensivistas. Nos preocupa chegar a um cen\u00e1rio cr\u00edtico observado em outros estados. Precisamos adotar medidas mais severas de restri\u00e7\u00e3o social e \u00e9 fundamental a colabora\u00e7\u00e3o do Minist\u00e9rio P\u00fablico\u201d, disse Geraldo Medeiros, explicando que a situa\u00e7\u00e3o da Para\u00edba \u00e9 ainda diferente do que est\u00e1 ocorrendo em outros lugares do Pa\u00eds que n\u00e3o adotaram medidas precoces, como as adotadas no Estado. Ele, no entanto, teme o afrouxamento do isolamento social e uma onda de casos graves neste m\u00eas de maio.<\/p>\n\n\n\n<p><strong>Leitos<\/strong><\/p>\n\n\n\n<p>De acordo com dados repassados por Daniel Beltrammi, a Para\u00edba, at\u00e9 agora, implantou 197 dos 396 leitos de UTI previstos no plano de conting\u00eancia, e 48% est\u00e3o ocupados. Dos 882 leitos de enfermaria e isolamento previstos no plano, 457 est\u00e3o ativos, com uma ocupa\u00e7\u00e3o de 26%. A previs\u00e3o \u00e9 que mais leitos sejam incorporados \u00e0 rede este m\u00eas. Somente focando os leitos adultos, a ocupa\u00e7\u00e3o sobe para 61% nas UTIs.<\/p>\n\n\n\n<p>Na regi\u00e3o de Jo\u00e3o Pessoa (1\u00aa macrorregi\u00e3o), dos 222 leitos planejados, foram instalados 107, com ocupa\u00e7\u00e3o de mais de 80% dos leitos de terapia intensiva para adultos. O crescimento dos casos, que t\u00eam duplicado a cada quatro dias, com consequentes casos graves preocupa os gestores e, segundo eles, \u00e9 devido ao afrouxamento do isolamento. O MPPB tem atuado nos munic\u00edpios para que as medidas de restri\u00e7\u00e3o social sejam continuadas e intensificadas.<\/p>\n\n\n\n<p><strong>No Sert\u00e3o<\/strong><\/p>\n\n\n\n<p>Os promotores de Justi\u00e7a que atuam no Sert\u00e3o questionaram aos gestores de sa\u00fade sobre a estrutura para atender a popula\u00e7\u00e3o da regi\u00e3o, j\u00e1 que os centros de tratamento especializados para covid-19 est\u00e3o na capital e em Campina Grande. Os gestores garantiram que h\u00e1 leitos de enfermarias e para estabiliza\u00e7\u00e3o na regi\u00e3o, nos hospitais de Patos, Cajazeiras e Pombal e que os casos graves dessa regi\u00e3o deveriam ser transferidos para Campina Grande, por causa das dificuldades de conseguir profissionais, principalmente, intensivistas em n\u00famero suficiente para substituir os que adoecem e precisam ser afastados.<\/p>\n\n\n\n<p>\u201cA gente sabe que 5% dos casos de covid-19 precisam de cuidados intensivos. N\u00e3o s\u00f3 de equipamentos, mas de recursos humanos. N\u00e3o h\u00e1 disponibilidade de quantitativo suficiente de profissionais (para espalhar equipes nos munic\u00edpios), porque 20% deles v\u00e3o adoecendo e desfalcando ambientes com poucos profissionais. Quando isso acontece, os pacientes ficam desassistidos. Isso significa a morte do doente. Os pacientes graves devem ser transferidos pela falta de condi\u00e7\u00f5es dos profissionais locais de manuse\u00e1-los (requerem cuidados intensivos e especializados)\u201d, explicou Geraldo Medeiros, garantindo que h\u00e1 leitos de enfermaria e isolamento, com respiradores e monitores para estabilizar os pacientes no Sert\u00e3o e que, pelas raz\u00f5es explicadas, os hospitais de campanha no sert\u00e3o n\u00e3o s\u00e3o vi\u00e1veis, porque n\u00e3o haveria profissionais para atender neles.<\/p>\n\n\n\n<p>Os membros do Minist\u00e9rio P\u00fablicos ouviram as explica\u00e7\u00f5es e devem manter uma atua\u00e7\u00e3o uniforme no sentido de orientar, colaborar e cobrar as medidas anunciadas tanto pelos gestores estaduais, quantos municipais, principalmente, no atendimento \u00e0 popula\u00e7\u00e3o e na intensifica\u00e7\u00e3o do isolamento social, que, na falta de vacina e de tratamento efetivo para a doen\u00e7a, tem se mostrado a solu\u00e7\u00e3o mais vi\u00e1vel para evitar o colapso do sistema de sa\u00fade e milhares de mortes, por falta de assist\u00eancia. <\/p>\n\n\n\n<p>Com Expresso PB<\/p>\n","protected":false},"excerpt":{"rendered":"<p>O abandono do isolamento social por parte da popula\u00e7\u00e3o paraibana implicaria numa trag\u00e9dia anunciada, que j\u00e1 est\u00e1 sendo verificada em outros estados do pa\u00eds. O&hellip; <\/p>\n","protected":false},"author":1,"featured_media":168197,"comment_status":"closed","ping_status":"closed","sticky":false,"template":"","format":"standard","meta":{"sfsi_plus_gutenberg_text_before_share":"","sfsi_plus_gutenberg_show_text_before_share":"","sfsi_plus_gutenberg_icon_type":"","sfsi_plus_gutenberg_icon_alignemt":"","sfsi_plus_gutenburg_max_per_row":"","footnotes":""},"categories":[2],"tags":[],"class_list":["post-168196","post","type-post","status-publish","format-standard","has-post-thumbnail","hentry","category-geral"],"_links":{"self":[{"href":"https:\/\/www.caririemacao.com\/1\/wp-json\/wp\/v2\/posts\/168196","targetHints":{"allow":["GET"]}}],"collection":[{"href":"https:\/\/www.caririemacao.com\/1\/wp-json\/wp\/v2\/posts"}],"about":[{"href":"https:\/\/www.caririemacao.com\/1\/wp-json\/wp\/v2\/types\/post"}],"author":[{"embeddable":true,"href":"https:\/\/www.caririemacao.com\/1\/wp-json\/wp\/v2\/users\/1"}],"replies":[{"embeddable":true,"href":"https:\/\/www.caririemacao.com\/1\/wp-json\/wp\/v2\/comments?post=168196"}],"version-history":[{"count":1,"href":"https:\/\/www.caririemacao.com\/1\/wp-json\/wp\/v2\/posts\/168196\/revisions"}],"predecessor-version":[{"id":168198,"href":"https:\/\/www.caririemacao.com\/1\/wp-json\/wp\/v2\/posts\/168196\/revisions\/168198"}],"wp:featuredmedia":[{"embeddable":true,"href":"https:\/\/www.caririemacao.com\/1\/wp-json\/wp\/v2\/media\/168197"}],"wp:attachment":[{"href":"https:\/\/www.caririemacao.com\/1\/wp-json\/wp\/v2\/media?parent=168196"}],"wp:term":[{"taxonomy":"category","embeddable":true,"href":"https:\/\/www.caririemacao.com\/1\/wp-json\/wp\/v2\/categories?post=168196"},{"taxonomy":"post_tag","embeddable":true,"href":"https:\/\/www.caririemacao.com\/1\/wp-json\/wp\/v2\/tags?post=168196"}],"curies":[{"name":"wp","href":"https:\/\/api.w.org\/{rel}","templated":true}]}}