{"id":168199,"date":"2020-05-08T08:33:12","date_gmt":"2020-05-08T11:33:12","guid":{"rendered":"https:\/\/www.caririemacao.com\/1\/?p=168199"},"modified":"2020-05-08T08:40:55","modified_gmt":"2020-05-08T11:40:55","slug":"municipio-do-congo-registra-segundo-caso-de-covid-19-paciente-encontra-se-internada-em-campina","status":"publish","type":"post","link":"https:\/\/www.caririemacao.com\/1\/2020\/05\/08\/municipio-do-congo-registra-segundo-caso-de-covid-19-paciente-encontra-se-internada-em-campina\/","title":{"rendered":"Munic\u00edpio do Congo registra segundo caso de Covid-19; paciente encontra-se internada em Campina"},"content":{"rendered":"\n<p>A Prefeitura do Congo atrav\u00e9s da Secretaria Municipal de Sa\u00fade divulgou na manh\u00e3 da quinta-feira(07) o mais novo boletim epidemiol\u00f3gico municipal, na qual foi confirmado o segundo caso de Covid-19 (novo coronav\u00edrus) no munic\u00edpio.<\/p>\n\n\n\n<p>O segundo caso trata-se de uma senhora de 84 anos, que reside na zona urbana do munic\u00edpio. A paciente sentiu os sintomas, procurou o servi\u00e7o de sa\u00fade no \u00faltimo s\u00e1bado (02) e foi levada ao hospital de Sum\u00e9, unidade refer\u00eancia do munic\u00edpio. Posteriormente, a paciente foi transferida no mesmo dia para o Hospital D. Pedro I em Campina Grande, onde atualmente se encontra internada na UTI.<\/p>\n\n\n\n<p>O munic\u00edpio do Congo passa registrar o segundo caso de Covid-19, tendo ainda mais um caso suspeito que segue em investiga\u00e7\u00e3o pela secretaria municipal de sa\u00fade.<\/p>\n\n\n\n<p>A Prefeitura do Congo pede que a popula\u00e7\u00e3o continue mantendo os cuidados e medidas de prote\u00e7\u00e3o e ao perceber sintomas procure o servi\u00e7o municipal de sa\u00fade.<\/p>\n\n\n\n<div class=\"wp-block-image\"><figure class=\"aligncenter\"><img decoding=\"async\" data-src=\"http:\/\/deolhonocariri.com.br\/wp-content\/uploads\/2020\/05\/96213929_2962593607156223_475571687052541952_o.jpg\" alt=\"\" class=\"wp-image-82037 lazyload\" src=\"data:image\/svg+xml;base64,PHN2ZyB3aWR0aD0iMSIgaGVpZ2h0PSIxIiB4bWxucz0iaHR0cDovL3d3dy53My5vcmcvMjAwMC9zdmciPjwvc3ZnPg==\" \/><\/figure><\/div>\n\n\n\n<p><strong>De Olho no Cariri<\/strong><\/p>\n","protected":false},"excerpt":{"rendered":"<p>A Prefeitura do Congo atrav\u00e9s da Secretaria Municipal de Sa\u00fade divulgou na manh\u00e3 da quinta-feira(07) o mais novo boletim epidemiol\u00f3gico municipal, na qual foi confirmado&hellip; <\/p>\n","protected":false},"author":1,"featured_media":168200,"comment_status":"closed","ping_status":"closed","sticky":false,"template":"","format":"standard","meta":{"sfsi_plus_gutenberg_text_before_share":"","sfsi_plus_gutenberg_show_text_before_share":"","sfsi_plus_gutenberg_icon_type":"","sfsi_plus_gutenberg_icon_alignemt":"","sfsi_plus_gutenburg_max_per_row":"","footnotes":""},"categories":[6,50],"tags":[],"class_list":["post-168199","post","type-post","status-publish","format-standard","has-post-thumbnail","hentry","category-cidades","category-destaque"],"_links":{"self":[{"href":"https:\/\/www.caririemacao.com\/1\/wp-json\/wp\/v2\/posts\/168199","targetHints":{"allow":["GET"]}}],"collection":[{"href":"https:\/\/www.caririemacao.com\/1\/wp-json\/wp\/v2\/posts"}],"about":[{"href":"https:\/\/www.caririemacao.com\/1\/wp-json\/wp\/v2\/types\/post"}],"author":[{"embeddable":true,"href":"https:\/\/www.caririemacao.com\/1\/wp-json\/wp\/v2\/users\/1"}],"replies":[{"embeddable":true,"href":"https:\/\/www.caririemacao.com\/1\/wp-json\/wp\/v2\/comments?post=168199"}],"version-history":[{"count":2,"href":"https:\/\/www.caririemacao.com\/1\/wp-json\/wp\/v2\/posts\/168199\/revisions"}],"predecessor-version":[{"id":168204,"href":"https:\/\/www.caririemacao.com\/1\/wp-json\/wp\/v2\/posts\/168199\/revisions\/168204"}],"wp:featuredmedia":[{"embeddable":true,"href":"https:\/\/www.caririemacao.com\/1\/wp-json\/wp\/v2\/media\/168200"}],"wp:attachment":[{"href":"https:\/\/www.caririemacao.com\/1\/wp-json\/wp\/v2\/media?parent=168199"}],"wp:term":[{"taxonomy":"category","embeddable":true,"href":"https:\/\/www.caririemacao.com\/1\/wp-json\/wp\/v2\/categories?post=168199"},{"taxonomy":"post_tag","embeddable":true,"href":"https:\/\/www.caririemacao.com\/1\/wp-json\/wp\/v2\/tags?post=168199"}],"curies":[{"name":"wp","href":"https:\/\/api.w.org\/{rel}","templated":true}]}}