{"id":168208,"date":"2020-05-08T08:47:56","date_gmt":"2020-05-08T11:47:56","guid":{"rendered":"https:\/\/www.caririemacao.com\/1\/?p=168208"},"modified":"2020-05-08T08:47:56","modified_gmt":"2020-05-08T11:47:56","slug":"lockdown-contra-coronavirus-comeca-em-fortaleza-3a-capital-do-pais-a-adotar-a-medida","status":"publish","type":"post","link":"https:\/\/www.caririemacao.com\/1\/2020\/05\/08\/lockdown-contra-coronavirus-comeca-em-fortaleza-3a-capital-do-pais-a-adotar-a-medida\/","title":{"rendered":"Lockdown contra coronav\u00edrus come\u00e7a em Fortaleza, 3\u00aa capital do pa\u00eds a adotar a medida"},"content":{"rendered":"\n<p>Fortaleza come\u00e7a a colocar em pr\u00e1tica nesta sexta-feira (8) o chamado \u201clockdown\u201d, com medidas mais restritivas de tr\u00e1fego e circula\u00e7\u00e3o de pessoas como forma de conter o avan\u00e7o do novo coronav\u00edrus.&nbsp;A estrat\u00e9gia impede a circula\u00e7\u00e3o de pessoas em espa\u00e7os p\u00fablicos, com exce\u00e7\u00e3o para os servi\u00e7os essenciais.<\/p>\n\n\n\n<p>Esta \u00e9 a terceira capital do pa\u00eds a adotar a medida, depois de Bel\u00e9m (PA) e S\u00e3o Lu\u00eds (MA). Ao todo, s\u00e3o 15 cidades do Par\u00e1, do Maranh\u00e3o e, agora, do Cear\u00e1.<\/p>\n\n\n\n<p>O lockdown tem sido sugerido por especialistas e analisado pelo poder p\u00fablico em outras cidades do pa\u00eds, como Rio de Janeiro, onde o sistema p\u00fablico de sa\u00fade est\u00e1 perto do colapso. Na pr\u00f3xima semana, come\u00e7a a valer tamb\u00e9m para Niter\u00f3i (RJ).<\/p>\n\n\n\n<p>Ao menos 18 estados e o Distrito Federal j\u00e1 haviam anunciado para maio a amplia\u00e7\u00e3o das medidas de restri\u00e7\u00e3o para conter o novo coronav\u00edrus.<\/p>\n\n\n\n<p>Nesta quinta-feira (7), o presidente Jair Bolsonaro foi ao Supremo Tribunal Federal (STF) acompanhado de empres\u00e1rios para se reunir com o presidente da Corte, ministro Dias Toffoli, e fez um apelo para que as medidas restritivas sejam amenizadas para garantir o funcionamento de setores da economia.<\/p>\n\n\n\n<p><strong>Restri\u00e7\u00f5es em Fortaleza<\/strong><\/p>\n\n\n\n<p>Na manh\u00e3 desta sexta, policiais militares montaram um bloqueio na rodovia CE-025, que liga Fortaleza a cidades da Regi\u00e3o Metropolitana. Segundo a PM, a a\u00e7\u00e3o teve in\u00edcio por volta de meia-noite. Os agentes controlam o tr\u00e2nsito nos dois sentidos da via para identificar motoristas que est\u00e3o quebrando o isolamento social no estado.<\/p>\n\n\n\n<p>Nos terminais de \u00f4nibus da capital, o movimento continua sendo intenso desde o in\u00edcio desta manh\u00e3, com aglomera\u00e7\u00e3o de pessoas nas plataformas \u00e0 espera dos ve\u00edculos. Os passageiros utilizavam as m\u00e1scaras, que s\u00e3o obrigat\u00f3rias para sair de casa, mas n\u00e3o respeitavam o distanciamento.<\/p>\n\n\n\n<p><strong>O que pode funcionar?<\/strong><br>Transporte p\u00fablico;<br>Transporte por aplicativo;<br>Motot\u00e1xi;<br>Farm\u00e1cias;<br>Supermercados;<br>Farm\u00e1cias<br>Padarias;<br>Mercadinhos;<br>Bancos;<br>Lot\u00e9ricas;<br>Cl\u00ednicas veterin\u00e1rias;<br>Ind\u00fastria qu\u00edmica, farmac\u00eautica, aliment\u00edcia e de produtos hospitalares<br>Uso obrigat\u00f3rio de m\u00e1scara<\/p>\n\n\n\n<p>O item \u00e9 obrigat\u00f3rio para sair na rua e tamb\u00e9m para embarcar em transportes p\u00fablicos, individuais ou coletivos. Quem n\u00e3o estiver com m\u00e1scara em carros particulares, ser\u00e1 orientado a retornar para casa.<\/p>\n\n\n\n<p><strong>Quando posso sair de casa?<\/strong><\/p>\n\n\n\n<p>Para ir a estabelecimentos que prestam servi\u00e7os essenciais ou cujo funcionamento esteja autorizado nos termos da legisla\u00e7\u00e3o;<br>Para ir a unidades de sa\u00fade para atendimento m\u00e9dico;<br>Deslocamento para fins de assist\u00eancia veterin\u00e1ria;<br>Deslocamento para o trabalho em atividades essenciais;<br>Circula\u00e7\u00e3o para a entrega de bens essenciais a pessoas do grupo de risco;<br>Deslocamento para a compra de materiais imprescind\u00edveis ao exerc\u00edcio profissional;<br>Para ir a quaisquer \u00f3rg\u00e3os p\u00fablicos, inclusive delegacias e unidades judici\u00e1rias;<br>Deslocamento para servi\u00e7os de entregas;<br>Para o exerc\u00edcio de miss\u00e3o institucional, de interesse p\u00fablico, buscando atender a determina\u00e7\u00e3o de autoridade p\u00fablica;<br>Para prestar assist\u00eancia ou cuidados a idosos, a crian\u00e7as ou a portadores de defici\u00eancia ou necessidades especiais;<br>Para trabalhar em restaurantes, cong\u00eaneres ou demais estabelecimentos que, na forma da legisla\u00e7\u00e3o, permane\u00e7am em funcionamento exclusivamente para servi\u00e7os de entrega;<br>O tr\u00e2nsito para a presta\u00e7\u00e3o de servi\u00e7os assistenciais \u00e0 popula\u00e7\u00e3o socialmente mais vulner\u00e1vel;<br>Deslocamentos para outras atividades de natureza an\u00e1loga ou por outros motivos de for\u00e7a maior ou necessidade impreter\u00edvel, desde que devidamente justificados.<\/p>\n\n\n\n<p><strong>Como acontecer\u00e1 a fiscaliza\u00e7\u00e3o?<\/strong><\/p>\n\n\n\n<p>Ao todo, 300 policiais militares estar\u00e3o monitorando o tr\u00e1fego nas entradas e sa\u00eddas de Fortaleza, cal\u00e7ad\u00f5es, praias e demais pontos tur\u00edsticos. Em todos os bairros, ser\u00e3o instaladas ainda 104 blitzes itinerantes, al\u00e9m de barreiras em 20 corredores.<\/p>\n\n\n\n<p><strong>Documentos<\/strong><\/p>\n\n\n\n<p>Quais documentos devo portar para ir a supermercados ou farm\u00e1cias?<\/p>\n\n\n\n<p>O secret\u00e1rio da Seguran\u00e7a P\u00fablica e Defesa Social (SSPDS), Andr\u00e9 Costa, afirma que ser\u00e1 solicitado o comprovante de resid\u00eancia \u201cpara o guarda verificar se \u00e9 um trajeto consider\u00e1vel\u201d.<\/p>\n\n\n\n<p>Caso n\u00e3o tenha comprovante de endere\u00e7o no pr\u00f3prio nome?<\/p>\n\n\n\n<p>Eles poder\u00e3o utilizar em nome de familiares ou terceiros, desde que seja apresentada uma boa justificativa \u00e0 fiscaliza\u00e7\u00e3o.<\/p>\n\n\n\n<p>Qual documento preciso ter em m\u00e3os para ida ao trabalho?<\/p>\n\n\n\n<p>Funcion\u00e1rios de servi\u00e7os essenciais precisam portar crach\u00e1, fardamento ou declara\u00e7\u00e3o do empregador. \u201cAssinada por um gerente, dono de estabelecimento, atestando que se trata de um trabalhador\u201d, explica Andr\u00e9 Costa.<\/p>\n\n\n\n<p>J\u00e1 no caso de servidores de \u00f3rg\u00e3os p\u00fablicos, que continuam exercendo suas fun\u00e7\u00f5es de modo presencial, ser\u00e1 necess\u00e1rio algum documento que identifique a reparti\u00e7\u00e3o que trabalha, principalmente o endere\u00e7o de destino.<\/p>\n\n\n\n<p>Quem trabalha com delivery precisa portar qual tipo de declara\u00e7\u00e3o ou documento?<\/p>\n\n\n\n<p>Ser\u00e1 necess\u00e1rio algum documento que comprove o endere\u00e7o de entrega, como nota fiscal, cupom ou recibo da mercadoria.<\/p>\n\n\n\n<p>Onde ser\u00e1 poss\u00edvel conseguir a declara\u00e7\u00e3o que comprove o motivo da sa\u00edda?<\/p>\n\n\n\n<p>Segundo o titular da SSPDS, n\u00e3o h\u00e1 um modelo espec\u00edfico de declara\u00e7\u00e3o disponibilizado por \u00f3rg\u00e3os oficiais, mas os pr\u00f3prios moradores podem confeccionar o seu documento, que ser\u00e1 avaliado pela fiscaliza\u00e7\u00e3o.<\/p>\n\n\n\n<p><strong>Medidas para quem descumprir lockdown<\/strong><br>Em caso de desobedi\u00eancia, a pessoa poder\u00e1 ser levada \u00e0 delegacia. \u201cA orienta\u00e7\u00e3o \u00e9 o enquadramento no artigo 268, do C\u00f3digo Penal, que \u00e9 o descumprimento de medidas sanit\u00e1rias preventivas e, eventualmente, a pr\u00e1tica de outros crimes que podem acontecer, de desobedi\u00eancia, de desacato e at\u00e9 mesmo de resist\u00eancia\u201d, concluiu o secret\u00e1rio.<\/p>\n\n\n\n<p><strong>Isolamento prorrogado<\/strong><br>O governador Camilo Santana anunciou, na ter\u00e7a-feira (5), a prorroga\u00e7\u00e3o do decreto que estipula o isolamento social no Estado por mais 15 dias \u2013 at\u00e9 20 de maio. Al\u00e9m disso, um segundo decreto passa a valer nesta sexta-feira (8) estabelecendo o isolamento social r\u00edgido em Fortaleza.<\/p>\n\n\n\n<p><em>Portal G1<\/em><\/p>\n","protected":false},"excerpt":{"rendered":"<p>Fortaleza come\u00e7a a colocar em pr\u00e1tica nesta sexta-feira (8) o chamado \u201clockdown\u201d, com medidas mais restritivas de tr\u00e1fego e circula\u00e7\u00e3o de pessoas como forma de&hellip; <\/p>\n","protected":false},"author":1,"featured_media":168209,"comment_status":"closed","ping_status":"closed","sticky":false,"template":"","format":"standard","meta":{"sfsi_plus_gutenberg_text_before_share":"","sfsi_plus_gutenberg_show_text_before_share":"","sfsi_plus_gutenberg_icon_type":"","sfsi_plus_gutenberg_icon_alignemt":"","sfsi_plus_gutenburg_max_per_row":"","footnotes":""},"categories":[2],"tags":[],"class_list":["post-168208","post","type-post","status-publish","format-standard","has-post-thumbnail","hentry","category-geral"],"_links":{"self":[{"href":"https:\/\/www.caririemacao.com\/1\/wp-json\/wp\/v2\/posts\/168208","targetHints":{"allow":["GET"]}}],"collection":[{"href":"https:\/\/www.caririemacao.com\/1\/wp-json\/wp\/v2\/posts"}],"about":[{"href":"https:\/\/www.caririemacao.com\/1\/wp-json\/wp\/v2\/types\/post"}],"author":[{"embeddable":true,"href":"https:\/\/www.caririemacao.com\/1\/wp-json\/wp\/v2\/users\/1"}],"replies":[{"embeddable":true,"href":"https:\/\/www.caririemacao.com\/1\/wp-json\/wp\/v2\/comments?post=168208"}],"version-history":[{"count":1,"href":"https:\/\/www.caririemacao.com\/1\/wp-json\/wp\/v2\/posts\/168208\/revisions"}],"predecessor-version":[{"id":168210,"href":"https:\/\/www.caririemacao.com\/1\/wp-json\/wp\/v2\/posts\/168208\/revisions\/168210"}],"wp:featuredmedia":[{"embeddable":true,"href":"https:\/\/www.caririemacao.com\/1\/wp-json\/wp\/v2\/media\/168209"}],"wp:attachment":[{"href":"https:\/\/www.caririemacao.com\/1\/wp-json\/wp\/v2\/media?parent=168208"}],"wp:term":[{"taxonomy":"category","embeddable":true,"href":"https:\/\/www.caririemacao.com\/1\/wp-json\/wp\/v2\/categories?post=168208"},{"taxonomy":"post_tag","embeddable":true,"href":"https:\/\/www.caririemacao.com\/1\/wp-json\/wp\/v2\/tags?post=168208"}],"curies":[{"name":"wp","href":"https:\/\/api.w.org\/{rel}","templated":true}]}}