{"id":168211,"date":"2020-05-08T09:23:07","date_gmt":"2020-05-08T12:23:07","guid":{"rendered":"https:\/\/www.caririemacao.com\/1\/?p=168211"},"modified":"2020-05-08T09:32:25","modified_gmt":"2020-05-08T12:32:25","slug":"covid-19-secretaria-de-saude-de-monteiro-emite-nota-a-respeito-de-casos-investigados","status":"publish","type":"post","link":"https:\/\/www.caririemacao.com\/1\/2020\/05\/08\/covid-19-secretaria-de-saude-de-monteiro-emite-nota-a-respeito-de-casos-investigados\/","title":{"rendered":"Covid-19: Secretaria de Sa\u00fade de Monteiro emite nota a respeito de casos investigados"},"content":{"rendered":"\n<p>A Secretaria Municipal de Sa\u00fade de Monteiro, emitiu uma nota na quinta-feira 07, esclarecendo e prestando informa\u00e7\u00f5es, sobre mais 02 novos casos de COVID 19 em investiga\u00e7\u00e3o.<\/p>\n\n\n\n<p><br>Trata-se de um profissional de saude \u00a0do sexo masculino, 22 anos, residente em Monteiro- PB, apresentando febre, dor de garganta, dor tor\u00e1cica \u00a0desde o dia 04\/05\/2020. Encontra-se isolamento domiciliar. Foi realizada a coleta de Swab e encaminhada para o LACEN em Jo\u00e3o Pessoa- PB.<\/p>\n\n\n\n<p>O segundo caso trata-se de um profissional de saude do sexo feminino, 30 anos, residente em Monteiro-PB, apresentando dor de garganta, artralgia (dores nas articula\u00e7\u00f5es) e febre desde o dia 05\/05\/2020. Encontra-se em isolamento domiciliar. Foi realizada coleta de Swab e encaminhado ao LACEN em Jo\u00e3o Pessoa -PB.<\/p>\n\n\n\n<p>Os 02 casos confirmados p COVID, ja encontram-se bem e em isolamento domiciliar.<\/p>\n\n\n\n<p>A SMS &nbsp;refor\u00e7a a import\u00e2ncia do distanciamento social, al\u00e9m de medidas gerais de preven\u00e7\u00e3o, como uso obrigat\u00f3rio de m\u00e1scaras em locais p\u00fablicos, ag\u00eancias banc\u00e1rias, com\u00e9rcio, ruas e avenidas, transportes, entre outros.<\/p>\n","protected":false},"excerpt":{"rendered":"<p>A Secretaria Municipal de Sa\u00fade de Monteiro, emitiu uma nota na quinta-feira 07, esclarecendo e prestando informa\u00e7\u00f5es, sobre mais 02 novos casos de COVID 19&hellip; <\/p>\n","protected":false},"author":1,"featured_media":168212,"comment_status":"closed","ping_status":"closed","sticky":false,"template":"","format":"standard","meta":{"sfsi_plus_gutenberg_text_before_share":"","sfsi_plus_gutenberg_show_text_before_share":"","sfsi_plus_gutenberg_icon_type":"","sfsi_plus_gutenberg_icon_alignemt":"","sfsi_plus_gutenburg_max_per_row":"","footnotes":""},"categories":[6,50],"tags":[],"class_list":["post-168211","post","type-post","status-publish","format-standard","has-post-thumbnail","hentry","category-cidades","category-destaque"],"_links":{"self":[{"href":"https:\/\/www.caririemacao.com\/1\/wp-json\/wp\/v2\/posts\/168211","targetHints":{"allow":["GET"]}}],"collection":[{"href":"https:\/\/www.caririemacao.com\/1\/wp-json\/wp\/v2\/posts"}],"about":[{"href":"https:\/\/www.caririemacao.com\/1\/wp-json\/wp\/v2\/types\/post"}],"author":[{"embeddable":true,"href":"https:\/\/www.caririemacao.com\/1\/wp-json\/wp\/v2\/users\/1"}],"replies":[{"embeddable":true,"href":"https:\/\/www.caririemacao.com\/1\/wp-json\/wp\/v2\/comments?post=168211"}],"version-history":[{"count":2,"href":"https:\/\/www.caririemacao.com\/1\/wp-json\/wp\/v2\/posts\/168211\/revisions"}],"predecessor-version":[{"id":168217,"href":"https:\/\/www.caririemacao.com\/1\/wp-json\/wp\/v2\/posts\/168211\/revisions\/168217"}],"wp:featuredmedia":[{"embeddable":true,"href":"https:\/\/www.caririemacao.com\/1\/wp-json\/wp\/v2\/media\/168212"}],"wp:attachment":[{"href":"https:\/\/www.caririemacao.com\/1\/wp-json\/wp\/v2\/media?parent=168211"}],"wp:term":[{"taxonomy":"category","embeddable":true,"href":"https:\/\/www.caririemacao.com\/1\/wp-json\/wp\/v2\/categories?post=168211"},{"taxonomy":"post_tag","embeddable":true,"href":"https:\/\/www.caririemacao.com\/1\/wp-json\/wp\/v2\/tags?post=168211"}],"curies":[{"name":"wp","href":"https:\/\/api.w.org\/{rel}","templated":true}]}}