{"id":168214,"date":"2020-05-08T09:26:16","date_gmt":"2020-05-08T12:26:16","guid":{"rendered":"https:\/\/www.caririemacao.com\/1\/?p=168214"},"modified":"2020-05-08T09:26:16","modified_gmt":"2020-05-08T12:26:16","slug":"prefeitura-de-amparo-instala-lavatorios-em-pontos-publicos-2","status":"publish","type":"post","link":"https:\/\/www.caririemacao.com\/1\/2020\/05\/08\/prefeitura-de-amparo-instala-lavatorios-em-pontos-publicos-2\/","title":{"rendered":"Prefeitura de Amparo instala Lavat\u00f3rios em pontos p\u00fablicos"},"content":{"rendered":"\n<p>A Prefeitura Municipal de Amparo, por meio da Secretaria de Sa\u00fade e da Vigil\u00e2ncia Sanit\u00e1ria municipal, instalou 5 lavat\u00f3rios de m\u00e3os em pontos do centro da cidade.\u00a0Cada lavat\u00f3rio tem 1 pia com um reservat\u00f3rio par \u00e1gua e para sabonete liquido e papel. A torneira \u00e9 de f\u00e1cil uso, pois permite que possa ser aberta e fechada com o cotovelo.<\/p>\n\n\n\n<p><br>Os lavat\u00f3rios est\u00e3o instalados no CRAS, no R&amp;D Supermercado, na Casa Lot\u00e9rica da CAIXA, na Bomboniere Doce &amp;\u00a0Mel e na UBS S\u00e3o Sebasti\u00e3o. Esta a\u00e7\u00e3o faz parte do plano de combate ao avan\u00e7o da contamina\u00e7\u00e3o pelo Coronav\u00edrus no munic\u00edpio.<\/p>\n\n\n\n<figure class=\"wp-block-image\"><a href=\"https:\/\/1.bp.blogspot.com\/-K1lvOdqQ-14\/XrQ5DG5t_BI\/AAAAAAABMoQ\/e35gEoEAQMI0J9CT84pcpK-Yn00XPW1vwCLcBGAsYHQ\/s1600\/LAVAT%25C3%2593RIO%2B%252811%2529.JPG\"><img decoding=\"async\" data-src=\"https:\/\/1.bp.blogspot.com\/-K1lvOdqQ-14\/XrQ5DG5t_BI\/AAAAAAABMoQ\/e35gEoEAQMI0J9CT84pcpK-Yn00XPW1vwCLcBGAsYHQ\/s640\/LAVAT%25C3%2593RIO%2B%252811%2529.JPG\" alt=\"\" src=\"data:image\/svg+xml;base64,PHN2ZyB3aWR0aD0iMSIgaGVpZ2h0PSIxIiB4bWxucz0iaHR0cDovL3d3dy53My5vcmcvMjAwMC9zdmciPjwvc3ZnPg==\" class=\"lazyload\" \/><\/a><\/figure>\n\n\n\n<p>Com essas instala\u00e7\u00f5es, as pessoas que estiveram em tr\u00e2nsito pelo centro, poder\u00e3o higienizar as m\u00e3os. A prefeitura informou que \u00e9 um passo importante, mas a medida mais eficaz no combate ao Covid-19 ainda \u00e9 o isolamento social.<\/p>\n\n\n\n<p><br>O Prefeito In\u00e1cio N\u00f3brega segue buscando alternativas para cuidar da sa\u00fade da popula\u00e7\u00e3o Amparense, e n\u00e3o tem medido esfor\u00e7os quando a quest\u00e3o \u00e9 a sa\u00fade, dando total apoio em todas as a\u00e7\u00f5es desenvolvidas pela secretaria de Sa\u00fade do munic\u00edpio.<\/p>\n\n\n\n<figure class=\"wp-block-image\"><a href=\"https:\/\/1.bp.blogspot.com\/-8LbxqlJ_xHA\/XrQ5o5IZLKI\/AAAAAAABMo0\/wf0mxAYzj1oKwSEE8jDAb8YsuuuXJMBqwCLcBGAsYHQ\/s1600\/LAVAT%25C3%2593RIO%2B%25283%2529.JPG\"><img decoding=\"async\" data-src=\"https:\/\/1.bp.blogspot.com\/-8LbxqlJ_xHA\/XrQ5o5IZLKI\/AAAAAAABMo0\/wf0mxAYzj1oKwSEE8jDAb8YsuuuXJMBqwCLcBGAsYHQ\/s640\/LAVAT%25C3%2593RIO%2B%25283%2529.JPG\" alt=\"\" src=\"data:image\/svg+xml;base64,PHN2ZyB3aWR0aD0iMSIgaGVpZ2h0PSIxIiB4bWxucz0iaHR0cDovL3d3dy53My5vcmcvMjAwMC9zdmciPjwvc3ZnPg==\" class=\"lazyload\" \/><\/a><\/figure>\n\n\n\n<figure class=\"wp-block-image\"><a href=\"https:\/\/1.bp.blogspot.com\/-O-D4Mlxb6r0\/XrQ5ugGZWwI\/AAAAAAABMpE\/vRU-ClqydnU4lC30wRBYcaFtBZHzB6xswCLcBGAsYHQ\/s1600\/LAVAT%25C3%2593RIO%2B%25287%2529.JPG\"><img decoding=\"async\" data-src=\"https:\/\/1.bp.blogspot.com\/-O-D4Mlxb6r0\/XrQ5ugGZWwI\/AAAAAAABMpE\/vRU-ClqydnU4lC30wRBYcaFtBZHzB6xswCLcBGAsYHQ\/s640\/LAVAT%25C3%2593RIO%2B%25287%2529.JPG\" alt=\"\" src=\"data:image\/svg+xml;base64,PHN2ZyB3aWR0aD0iMSIgaGVpZ2h0PSIxIiB4bWxucz0iaHR0cDovL3d3dy53My5vcmcvMjAwMC9zdmciPjwvc3ZnPg==\" class=\"lazyload\" \/><\/a><\/figure>\n\n\n\n<p>Com Amparo Ligado<\/p>\n","protected":false},"excerpt":{"rendered":"<p>A Prefeitura Municipal de Amparo, por meio da Secretaria de Sa\u00fade e da Vigil\u00e2ncia Sanit\u00e1ria municipal, instalou 5 lavat\u00f3rios de m\u00e3os em pontos do centro&hellip; <\/p>\n","protected":false},"author":1,"featured_media":168215,"comment_status":"closed","ping_status":"closed","sticky":false,"template":"","format":"standard","meta":{"sfsi_plus_gutenberg_text_before_share":"","sfsi_plus_gutenberg_show_text_before_share":"","sfsi_plus_gutenberg_icon_type":"","sfsi_plus_gutenberg_icon_alignemt":"","sfsi_plus_gutenburg_max_per_row":"","footnotes":""},"categories":[6,50],"tags":[],"class_list":["post-168214","post","type-post","status-publish","format-standard","has-post-thumbnail","hentry","category-cidades","category-destaque"],"_links":{"self":[{"href":"https:\/\/www.caririemacao.com\/1\/wp-json\/wp\/v2\/posts\/168214","targetHints":{"allow":["GET"]}}],"collection":[{"href":"https:\/\/www.caririemacao.com\/1\/wp-json\/wp\/v2\/posts"}],"about":[{"href":"https:\/\/www.caririemacao.com\/1\/wp-json\/wp\/v2\/types\/post"}],"author":[{"embeddable":true,"href":"https:\/\/www.caririemacao.com\/1\/wp-json\/wp\/v2\/users\/1"}],"replies":[{"embeddable":true,"href":"https:\/\/www.caririemacao.com\/1\/wp-json\/wp\/v2\/comments?post=168214"}],"version-history":[{"count":1,"href":"https:\/\/www.caririemacao.com\/1\/wp-json\/wp\/v2\/posts\/168214\/revisions"}],"predecessor-version":[{"id":168216,"href":"https:\/\/www.caririemacao.com\/1\/wp-json\/wp\/v2\/posts\/168214\/revisions\/168216"}],"wp:featuredmedia":[{"embeddable":true,"href":"https:\/\/www.caririemacao.com\/1\/wp-json\/wp\/v2\/media\/168215"}],"wp:attachment":[{"href":"https:\/\/www.caririemacao.com\/1\/wp-json\/wp\/v2\/media?parent=168214"}],"wp:term":[{"taxonomy":"category","embeddable":true,"href":"https:\/\/www.caririemacao.com\/1\/wp-json\/wp\/v2\/categories?post=168214"},{"taxonomy":"post_tag","embeddable":true,"href":"https:\/\/www.caririemacao.com\/1\/wp-json\/wp\/v2\/tags?post=168214"}],"curies":[{"name":"wp","href":"https:\/\/api.w.org\/{rel}","templated":true}]}}