{"id":168222,"date":"2020-05-08T09:50:16","date_gmt":"2020-05-08T12:50:16","guid":{"rendered":"https:\/\/www.caririemacao.com\/1\/?p=168222"},"modified":"2020-05-08T09:50:16","modified_gmt":"2020-05-08T12:50:16","slug":"abertas-12-vagas-para-mestrado-profissional-de-sociologia-na-ufcg-em-sume","status":"publish","type":"post","link":"https:\/\/www.caririemacao.com\/1\/2020\/05\/08\/abertas-12-vagas-para-mestrado-profissional-de-sociologia-na-ufcg-em-sume\/","title":{"rendered":"Abertas 12 vagas para Mestrado Profissional de Sociologia na UFCG em Sum\u00e9"},"content":{"rendered":"\n<h1 class=\"wp-block-heading\"><\/h1>\n\n\n\n<p>O Mestrado Profissional de Sociologia em Rede Nacional abriu edital do Exame Nacional de Acesso ProfSocio 2020. As inscri\u00e7\u00f5es acontecem at\u00e9 o dia 15 de junho com a oferta de 137 vagas distribu\u00eddas entre as oito Institui\u00e7\u00f5es P\u00fablicas Associadas.<\/p>\n\n\n\n<p>Na Universidade Federal de Campina Grande (UFCG), s\u00e3o oferecidas 27 vagas, sendo 15 no campus Campina Grande e&nbsp;<strong>12 no campus Sum\u00e9<\/strong>.<\/p>\n\n\n\n<p>Para participar do processo seletivo, o candidato deve apresentar diploma em licenciatura reconhecido pelo MEC e atuar como professor na rede p\u00fablica de ensino, na condi\u00e7\u00e3o de efetivo ou tempor\u00e1rio. A sele\u00e7\u00e3o ser\u00e1 realizada integralmente a dist\u00e2ncia e por videochamada, composta por tr\u00eas etapas: o envio de Carta de Inten\u00e7\u00f5es no ato de inscri\u00e7\u00e3o, defesa da Carta e Argui\u00e7\u00e3o de conhecimentos espec\u00edficos.<\/p>\n\n\n\n<p>A \u00e1rea de concentra\u00e7\u00e3o da Rede ProfSocio \u00e9 Ensino de Sociologia, conferindo o t\u00edtulo de Mestre em Sociologia. O curso \u00e9 presencial, com dura\u00e7\u00e3o de 24 meses. O objetivo \u00e9 inserir os professores em uma rede nacional de produ\u00e7\u00e3o de metodologias de ensino e pesquisa acerca das Ci\u00eancias Sociais e Educa\u00e7\u00e3o, desenvolvendo o pensamento cient\u00edfico aplicado a metodologias de ensino-aprendizagem para o ensino b\u00e1sico.<\/p>\n\n\n\n<p>A divulga\u00e7\u00e3o do resultado final est\u00e1 programada para acontecer dia 31 de julho com o in\u00edcio das aulas em agosto.<\/p>\n","protected":false},"excerpt":{"rendered":"<p>O Mestrado Profissional de Sociologia em Rede Nacional abriu edital do Exame Nacional de Acesso ProfSocio 2020. As inscri\u00e7\u00f5es acontecem at\u00e9 o dia 15 de&hellip; <\/p>\n","protected":false},"author":2,"featured_media":168223,"comment_status":"closed","ping_status":"closed","sticky":false,"template":"","format":"standard","meta":{"sfsi_plus_gutenberg_text_before_share":"","sfsi_plus_gutenberg_show_text_before_share":"","sfsi_plus_gutenberg_icon_type":"","sfsi_plus_gutenberg_icon_alignemt":"","sfsi_plus_gutenburg_max_per_row":"","footnotes":""},"categories":[2],"tags":[],"class_list":["post-168222","post","type-post","status-publish","format-standard","has-post-thumbnail","hentry","category-geral"],"_links":{"self":[{"href":"https:\/\/www.caririemacao.com\/1\/wp-json\/wp\/v2\/posts\/168222","targetHints":{"allow":["GET"]}}],"collection":[{"href":"https:\/\/www.caririemacao.com\/1\/wp-json\/wp\/v2\/posts"}],"about":[{"href":"https:\/\/www.caririemacao.com\/1\/wp-json\/wp\/v2\/types\/post"}],"author":[{"embeddable":true,"href":"https:\/\/www.caririemacao.com\/1\/wp-json\/wp\/v2\/users\/2"}],"replies":[{"embeddable":true,"href":"https:\/\/www.caririemacao.com\/1\/wp-json\/wp\/v2\/comments?post=168222"}],"version-history":[{"count":1,"href":"https:\/\/www.caririemacao.com\/1\/wp-json\/wp\/v2\/posts\/168222\/revisions"}],"predecessor-version":[{"id":168224,"href":"https:\/\/www.caririemacao.com\/1\/wp-json\/wp\/v2\/posts\/168222\/revisions\/168224"}],"wp:featuredmedia":[{"embeddable":true,"href":"https:\/\/www.caririemacao.com\/1\/wp-json\/wp\/v2\/media\/168223"}],"wp:attachment":[{"href":"https:\/\/www.caririemacao.com\/1\/wp-json\/wp\/v2\/media?parent=168222"}],"wp:term":[{"taxonomy":"category","embeddable":true,"href":"https:\/\/www.caririemacao.com\/1\/wp-json\/wp\/v2\/categories?post=168222"},{"taxonomy":"post_tag","embeddable":true,"href":"https:\/\/www.caririemacao.com\/1\/wp-json\/wp\/v2\/tags?post=168222"}],"curies":[{"name":"wp","href":"https:\/\/api.w.org\/{rel}","templated":true}]}}