{"id":168238,"date":"2020-05-08T12:08:00","date_gmt":"2020-05-08T15:08:00","guid":{"rendered":"https:\/\/www.caririemacao.com\/1\/?p=168238"},"modified":"2020-05-08T12:32:13","modified_gmt":"2020-05-08T15:32:13","slug":"policia-militar-prende-quadrilha-em-sume-que-havia-roubado-animais-em-uma-propriedade-rural-no-pernambuco-2","status":"publish","type":"post","link":"https:\/\/www.caririemacao.com\/1\/2020\/05\/08\/policia-militar-prende-quadrilha-em-sume-que-havia-roubado-animais-em-uma-propriedade-rural-no-pernambuco-2\/","title":{"rendered":"Pol\u00edcia Militar prende quadrilha em Sum\u00e9 que havia roubado animais em uma propriedade rural no Pernambuco"},"content":{"rendered":"\n<p>Uma quadrilha especializada em roubo de animais de carga foi presa nas primeiras horas desta sexta-feira(08) no munic\u00edpio de Sum\u00e9, Cariri paraibano.<\/p>\n\n\n\n<p>Policiais Militares de Sum\u00e9 no comando do Cabo Almiberto com o apoio do Cb Siqueira (VTR 7091) e da guarni\u00e7\u00e3o comandada pelo Cb Neto e sd L Silva (VTR 7658) prenderam quatro homens que tinham invadindo uma propriedade rural no munic\u00edpio de Sert\u00e2nia, interior do Pernambuco.<\/p>\n\n\n\n<p>Junto com os criminosos foram aprendidos um ve\u00edculo uma Toyota Hilux de cor branca e um reboque carregado de animais.<\/p>\n\n\n\n<p>Ainda n\u00e3o se sabe se os criminosos estariam vindo para a regi\u00e3o de Sum\u00e9 na tentativa de vender os animais ou para aplicar crimes do mesmo porte na regi\u00e3o do Cariri.<\/p>\n\n\n\n<p>Os animais foram recuperados e os elementos foram encaminhados at\u00e9 a Delegacia Seccional em Monteiro.<\/p>\n\n\n\n<p>Cariri em A\u00e7\u00e3o com <em>Informa\u00e7\u00f5es R\u00e1dio Cidade Sum\u00e9<\/em><\/p>\n","protected":false},"excerpt":{"rendered":"<p>Uma quadrilha especializada em roubo de animais de carga foi presa nas primeiras horas desta sexta-feira(08) no munic\u00edpio de Sum\u00e9, Cariri paraibano. Policiais Militares de&hellip; <\/p>\n","protected":false},"author":2,"featured_media":168239,"comment_status":"closed","ping_status":"closed","sticky":false,"template":"","format":"standard","meta":{"sfsi_plus_gutenberg_text_before_share":"","sfsi_plus_gutenberg_show_text_before_share":"","sfsi_plus_gutenberg_icon_type":"","sfsi_plus_gutenberg_icon_alignemt":"","sfsi_plus_gutenburg_max_per_row":"","footnotes":""},"categories":[12],"tags":[],"class_list":["post-168238","post","type-post","status-publish","format-standard","has-post-thumbnail","hentry","category-policia"],"_links":{"self":[{"href":"https:\/\/www.caririemacao.com\/1\/wp-json\/wp\/v2\/posts\/168238","targetHints":{"allow":["GET"]}}],"collection":[{"href":"https:\/\/www.caririemacao.com\/1\/wp-json\/wp\/v2\/posts"}],"about":[{"href":"https:\/\/www.caririemacao.com\/1\/wp-json\/wp\/v2\/types\/post"}],"author":[{"embeddable":true,"href":"https:\/\/www.caririemacao.com\/1\/wp-json\/wp\/v2\/users\/2"}],"replies":[{"embeddable":true,"href":"https:\/\/www.caririemacao.com\/1\/wp-json\/wp\/v2\/comments?post=168238"}],"version-history":[{"count":2,"href":"https:\/\/www.caririemacao.com\/1\/wp-json\/wp\/v2\/posts\/168238\/revisions"}],"predecessor-version":[{"id":168253,"href":"https:\/\/www.caririemacao.com\/1\/wp-json\/wp\/v2\/posts\/168238\/revisions\/168253"}],"wp:featuredmedia":[{"embeddable":true,"href":"https:\/\/www.caririemacao.com\/1\/wp-json\/wp\/v2\/media\/168239"}],"wp:attachment":[{"href":"https:\/\/www.caririemacao.com\/1\/wp-json\/wp\/v2\/media?parent=168238"}],"wp:term":[{"taxonomy":"category","embeddable":true,"href":"https:\/\/www.caririemacao.com\/1\/wp-json\/wp\/v2\/categories?post=168238"},{"taxonomy":"post_tag","embeddable":true,"href":"https:\/\/www.caririemacao.com\/1\/wp-json\/wp\/v2\/tags?post=168238"}],"curies":[{"name":"wp","href":"https:\/\/api.w.org\/{rel}","templated":true}]}}