{"id":168242,"date":"2020-05-08T11:20:17","date_gmt":"2020-05-08T14:20:17","guid":{"rendered":"https:\/\/www.caririemacao.com\/1\/?p=168242"},"modified":"2020-05-08T11:20:17","modified_gmt":"2020-05-08T14:20:17","slug":"beneficiarios-do-bolsa-familia-de-sao-jose-dos-cordeiros-recebem-doacao-de-macaxeira-e-poupas-de-frutas","status":"publish","type":"post","link":"https:\/\/www.caririemacao.com\/1\/2020\/05\/08\/beneficiarios-do-bolsa-familia-de-sao-jose-dos-cordeiros-recebem-doacao-de-macaxeira-e-poupas-de-frutas\/","title":{"rendered":"Benefici\u00e1rios do Bolsa Fam\u00edlia de S\u00e3o Jos\u00e9 dos Cordeiros recebem doa\u00e7\u00e3o de macaxeira e poupas de frutas"},"content":{"rendered":"\n<p>Os benefici\u00e1rios do programa Bolsa Fam\u00edlia e residentes na zona urbana de S\u00e3o Jos\u00e9 dos Cordeiros foram contemplados com mais um benef\u00edcio em tempo de pandemia da COVID-19. A partir de doa\u00e7\u00e3o feita pelo Governo do Estado, a Prefeitura de S\u00e3o Jos\u00e9 dos Cordeiros entregou nesta quinta-feira (07) macaxeira e poupas de frutas aos cadastrados no programa federal.<\/p>\n\n\n\n<p>Ao todo foram distribu\u00eddos 200 kg de poupas de frutas e 40 caixas de macaxeiras. A distribui\u00e7\u00e3o foi realizada pelos t\u00e9cnicos da Secretaria de Assist\u00eancia Social.<\/p>\n\n\n\n<div class=\"wp-block-image\"><figure class=\"aligncenter\"><img decoding=\"async\" data-src=\"http:\/\/deolhonocariri.com.br\/wp-content\/uploads\/2020\/05\/96291850_576593126301628_8750485344312360960_n.jpg\" alt=\"\" class=\"wp-image-82082 lazyload\" src=\"data:image\/svg+xml;base64,PHN2ZyB3aWR0aD0iMSIgaGVpZ2h0PSIxIiB4bWxucz0iaHR0cDovL3d3dy53My5vcmcvMjAwMC9zdmciPjwvc3ZnPg==\" \/><\/figure><\/div>\n\n\n\n<p><br>Segundo o secret\u00e1rio S\u00e9rgio Sousa, os itens vindos do Estado n\u00e3o deram para contemplar todos os benefici\u00e1rios e a gest\u00e3o decidiu entregar inicialmente aos benefici\u00e1rios da zona urbana, que possuem mais dificuldade de ter acesso a esses produtos. A pr\u00f3xima entrega ser\u00e1 destinada aos benefici\u00e1rios da zona rural.<\/p>\n\n\n\n<p>O prefeito Jefferson Roberto agradeceu \u00e0 parceria com o Governo do Estado, atrav\u00e9s da Secretaria de Economia Solid\u00e1ria, e destacou que a Prefeitura continua empenhada em dar total assist\u00eancia \u00e0s fam\u00edlias mais vulner\u00e1veis neste tempo de crise, para que todos tenham condi\u00e7\u00f5es dignas de sobreviv\u00eancia num momento t\u00e3o delicado da vida mundial.<\/p>\n\n\n\n<p>\u201cDoamos cerca de 500 cestas b\u00e1sicas junto ao pescado da Semana Santa, estamos fazendo esta nova doa\u00e7\u00e3o e continuaremos dotando nossa popula\u00e7\u00e3o mais carente de todas as condi\u00e7\u00f5es para que se mantenham em casa e se prevenindo desse novo v\u00edrus\u201d, comentou o prefeito.<\/p>\n\n\n\n<p>Junto aos produtos, a Prefeitura de S\u00e3o Jos\u00e9 dos Cordeiros distribuiu m\u00e1scaras produzidas pelas pr\u00f3prias mulheres cordeirenses, ligadas ao grupo de produ\u00e7\u00e3o de vassouras com garrafas pet. A prefeitura comprou o tecido, el\u00e1stico e a linha e elas confeccionaram as m\u00e1scaras para doa\u00e7\u00e3o.<\/p>\n","protected":false},"excerpt":{"rendered":"<p>Os benefici\u00e1rios do programa Bolsa Fam\u00edlia e residentes na zona urbana de S\u00e3o Jos\u00e9 dos Cordeiros foram contemplados com mais um benef\u00edcio em tempo de&hellip; <\/p>\n","protected":false},"author":2,"featured_media":168243,"comment_status":"closed","ping_status":"closed","sticky":false,"template":"","format":"standard","meta":{"sfsi_plus_gutenberg_text_before_share":"","sfsi_plus_gutenberg_show_text_before_share":"","sfsi_plus_gutenberg_icon_type":"","sfsi_plus_gutenberg_icon_alignemt":"","sfsi_plus_gutenburg_max_per_row":"","footnotes":""},"categories":[6],"tags":[],"class_list":["post-168242","post","type-post","status-publish","format-standard","has-post-thumbnail","hentry","category-cidades"],"_links":{"self":[{"href":"https:\/\/www.caririemacao.com\/1\/wp-json\/wp\/v2\/posts\/168242","targetHints":{"allow":["GET"]}}],"collection":[{"href":"https:\/\/www.caririemacao.com\/1\/wp-json\/wp\/v2\/posts"}],"about":[{"href":"https:\/\/www.caririemacao.com\/1\/wp-json\/wp\/v2\/types\/post"}],"author":[{"embeddable":true,"href":"https:\/\/www.caririemacao.com\/1\/wp-json\/wp\/v2\/users\/2"}],"replies":[{"embeddable":true,"href":"https:\/\/www.caririemacao.com\/1\/wp-json\/wp\/v2\/comments?post=168242"}],"version-history":[{"count":1,"href":"https:\/\/www.caririemacao.com\/1\/wp-json\/wp\/v2\/posts\/168242\/revisions"}],"predecessor-version":[{"id":168244,"href":"https:\/\/www.caririemacao.com\/1\/wp-json\/wp\/v2\/posts\/168242\/revisions\/168244"}],"wp:featuredmedia":[{"embeddable":true,"href":"https:\/\/www.caririemacao.com\/1\/wp-json\/wp\/v2\/media\/168243"}],"wp:attachment":[{"href":"https:\/\/www.caririemacao.com\/1\/wp-json\/wp\/v2\/media?parent=168242"}],"wp:term":[{"taxonomy":"category","embeddable":true,"href":"https:\/\/www.caririemacao.com\/1\/wp-json\/wp\/v2\/categories?post=168242"},{"taxonomy":"post_tag","embeddable":true,"href":"https:\/\/www.caririemacao.com\/1\/wp-json\/wp\/v2\/tags?post=168242"}],"curies":[{"name":"wp","href":"https:\/\/api.w.org\/{rel}","templated":true}]}}