{"id":168247,"date":"2020-05-08T12:22:30","date_gmt":"2020-05-08T15:22:30","guid":{"rendered":"https:\/\/www.caririemacao.com\/1\/?p=168247"},"modified":"2020-05-08T12:22:30","modified_gmt":"2020-05-08T15:22:30","slug":"prefeitura-de-sao-jose-dos-cordeiros-intensifica-acoes-em-combate-a-covid-19","status":"publish","type":"post","link":"https:\/\/www.caririemacao.com\/1\/2020\/05\/08\/prefeitura-de-sao-jose-dos-cordeiros-intensifica-acoes-em-combate-a-covid-19\/","title":{"rendered":"Prefeitura de S\u00e3o Jos\u00e9 dos Cordeiros intensifica a\u00e7\u00f5es em combate a Covid-19"},"content":{"rendered":"\n<p>A Prefeitura de S\u00e3o Jos\u00e9 dos Cordeiros atrav\u00e9s da Secretaria Municipal de Sa\u00fade est\u00e1 intensificando a\u00e7\u00f5es em combate ao Covid-19 no munic\u00edpio.<\/p>\n\n\n\n<p>De acordo com a prefeitura, outras a\u00e7\u00f5es est\u00e3o sendo organizadas e v\u00e3o ser executadas em prol de proteger e orientar toda a popula\u00e7\u00e3o cordeirense. <\/p>\n\n\n\n<figure class=\"wp-block-image size-large\"><img fetchpriority=\"high\" decoding=\"async\" width=\"720\" height=\"720\" src=\"https:\/\/www.caririemacao.com\/1\/wp-content\/uploads\/2020\/05\/FB_IMG_1588951263615-1.jpg\" alt=\"\" class=\"wp-image-168250\" srcset=\"https:\/\/www.caririemacao.com\/1\/wp-content\/uploads\/2020\/05\/FB_IMG_1588951263615-1.jpg 720w, https:\/\/www.caririemacao.com\/1\/wp-content\/uploads\/2020\/05\/FB_IMG_1588951263615-1-300x300.jpg 300w, https:\/\/www.caririemacao.com\/1\/wp-content\/uploads\/2020\/05\/FB_IMG_1588951263615-1-150x150.jpg 150w\" sizes=\"(max-width: 720px) 100vw, 720px\" \/><\/figure>\n\n\n\n<p>&#8220;Quero agradecer a toda nossa equipe de trabalho, em nome da Secret\u00e1ria de sa\u00fade Petrushka Bezerra, agrade\u00e7o a todos da sa\u00fade, agrade\u00e7o a colabora\u00e7\u00e3o de toda popula\u00e7\u00e3o e que Deus aben\u00e7oe a todos n\u00f3s&#8221;, disse o prefeito Jefferson Roberto. <\/p>\n","protected":false},"excerpt":{"rendered":"<p>A Prefeitura de S\u00e3o Jos\u00e9 dos Cordeiros atrav\u00e9s da Secretaria Municipal de Sa\u00fade est\u00e1 intensificando a\u00e7\u00f5es em combate ao Covid-19 no munic\u00edpio. De acordo com&hellip; <\/p>\n","protected":false},"author":1,"featured_media":168248,"comment_status":"closed","ping_status":"closed","sticky":false,"template":"","format":"standard","meta":{"sfsi_plus_gutenberg_text_before_share":"","sfsi_plus_gutenberg_show_text_before_share":"","sfsi_plus_gutenberg_icon_type":"","sfsi_plus_gutenberg_icon_alignemt":"","sfsi_plus_gutenburg_max_per_row":"","footnotes":""},"categories":[6,50],"tags":[],"class_list":["post-168247","post","type-post","status-publish","format-standard","has-post-thumbnail","hentry","category-cidades","category-destaque"],"_links":{"self":[{"href":"https:\/\/www.caririemacao.com\/1\/wp-json\/wp\/v2\/posts\/168247","targetHints":{"allow":["GET"]}}],"collection":[{"href":"https:\/\/www.caririemacao.com\/1\/wp-json\/wp\/v2\/posts"}],"about":[{"href":"https:\/\/www.caririemacao.com\/1\/wp-json\/wp\/v2\/types\/post"}],"author":[{"embeddable":true,"href":"https:\/\/www.caririemacao.com\/1\/wp-json\/wp\/v2\/users\/1"}],"replies":[{"embeddable":true,"href":"https:\/\/www.caririemacao.com\/1\/wp-json\/wp\/v2\/comments?post=168247"}],"version-history":[{"count":1,"href":"https:\/\/www.caririemacao.com\/1\/wp-json\/wp\/v2\/posts\/168247\/revisions"}],"predecessor-version":[{"id":168251,"href":"https:\/\/www.caririemacao.com\/1\/wp-json\/wp\/v2\/posts\/168247\/revisions\/168251"}],"wp:featuredmedia":[{"embeddable":true,"href":"https:\/\/www.caririemacao.com\/1\/wp-json\/wp\/v2\/media\/168248"}],"wp:attachment":[{"href":"https:\/\/www.caririemacao.com\/1\/wp-json\/wp\/v2\/media?parent=168247"}],"wp:term":[{"taxonomy":"category","embeddable":true,"href":"https:\/\/www.caririemacao.com\/1\/wp-json\/wp\/v2\/categories?post=168247"},{"taxonomy":"post_tag","embeddable":true,"href":"https:\/\/www.caririemacao.com\/1\/wp-json\/wp\/v2\/tags?post=168247"}],"curies":[{"name":"wp","href":"https:\/\/api.w.org\/{rel}","templated":true}]}}