{"id":168252,"date":"2020-05-08T12:33:24","date_gmt":"2020-05-08T15:33:24","guid":{"rendered":"https:\/\/www.caririemacao.com\/1\/?p=168252"},"modified":"2020-05-08T13:37:27","modified_gmt":"2020-05-08T16:37:27","slug":"em-sume-quadrilha-e-presa-pela-pm-acusada-de-tentativa-de-latrocinio","status":"publish","type":"post","link":"https:\/\/www.caririemacao.com\/1\/2020\/05\/08\/em-sume-quadrilha-e-presa-pela-pm-acusada-de-tentativa-de-latrocinio\/","title":{"rendered":"Em Sum\u00e9: quadrilha \u00e9 presa pela PM acusada de  tentativa de latroc\u00ednio"},"content":{"rendered":"\n<p>Uma quadrilha foi presa na cidade de Sum\u00e9, por volta das 03:30min desta quinta-feira 08, por policiais do 11\u00ba Batalh\u00e3o. O qual receberam informa\u00e7\u00f5es da pol\u00edcia da cidade de Sert\u00e2nia-PE, de que alguns elementos armados roubaram animais e alvejaram um morador do S\u00edtio Riacho do Mel em Sert\u00e2nia PE.<\/p>\n\n\n\n<p>Que diante das informa\u00e7\u00f5es, uma guarni\u00e7\u00e3o da Pol\u00edcia que estava realizando rondas na Cidade de Sum\u00e9-PB, se deparou com uma Hillux de cor branca de placas PCE 4679 Recife-PE com um reboque e animais com as caracter\u00edsticas id\u00eanticas ao do assalto.<\/p>\n\n\n\n<p>Ao realizar a abordagem, foi constatado que no interior do ve\u00edculo havia quatro acusados que de pronto confessaram \u00e0 autoria do crime, por\u00e9m n\u00e3o foi encontrada a arma usada para efetuar os disparos.<\/p>\n\n\n\n<p>Os acusados informaram que havia outro ve\u00edculo tipo Strada de cor Branca, com dois ocupantes dando apoio, conhecidos como &#8220;Bolinho&#8221; que efetuou os disparos e o outro conhecido como &#8220;oreia&#8221;, os quais at\u00e9 o momento n\u00e3o foram localizados.<\/p>\n\n\n\n<p>A apreens\u00e3o e os envolvidos foram conduzidos \u00e0 DP da Cidade de Monteiro e apresentados \u00e0 autoridade de plant\u00e3o para as provid\u00eancias cab\u00edveis.<\/p>\n\n\n\n<p>Vale destacar que a opera\u00e7\u00e3o foi realizada pelo Cabo Almiberto com o apoio do Cb Siqueira, ambos na VTR 7091 e da guarni\u00e7\u00e3o comandada pelo Cb Neto e sd L Silva (VTR 7658). Eles tamb\u00e9m tiveram o apoio de uma Guarni\u00e7\u00e3o da Pol\u00edcia Militar do Estado de Pernambuco. A frente da GT de Sert\u00e2nia estava a 1\u00b0 SGT Tatiane, que recebeu o primeiro chamado da referida ocorr\u00eancia e fez os primeiros atendimentos e dilig\u00eancias.<\/p>\n\n\n\n<p><strong>Apreendido na opera\u00e7\u00e3o<\/strong><\/p>\n\n\n\n<p>06 bezerros<\/p>\n\n\n\n<p>11 cabras<\/p>\n\n\n\n<p>02 ovelhas<\/p>\n\n\n\n<p>01 arreio<\/p>\n\n\n\n<p>01 sela<\/p>\n\n\n\n<p>01 moto serra<\/p>\n\n\n\n<p>01 rolo de arame farpado<\/p>\n\n\n\n<p>01 ve\u00edculo Toyota Hilux, placas PCE 4679 \/ PE<\/p>\n\n\n\n<p>01 reboque, placa PGB 8311 \/ PE<\/p>\n","protected":false},"excerpt":{"rendered":"<p>Uma quadrilha foi presa na cidade de Sum\u00e9, por volta das 03:30min desta quinta-feira 08, por policiais do 11\u00ba Batalh\u00e3o. O qual receberam informa\u00e7\u00f5es da&hellip; <\/p>\n","protected":false},"author":1,"featured_media":168266,"comment_status":"closed","ping_status":"closed","sticky":false,"template":"","format":"standard","meta":{"sfsi_plus_gutenberg_text_before_share":"","sfsi_plus_gutenberg_show_text_before_share":"","sfsi_plus_gutenberg_icon_type":"","sfsi_plus_gutenberg_icon_alignemt":"","sfsi_plus_gutenburg_max_per_row":"","footnotes":""},"categories":[12],"tags":[],"class_list":["post-168252","post","type-post","status-publish","format-standard","has-post-thumbnail","hentry","category-policia"],"_links":{"self":[{"href":"https:\/\/www.caririemacao.com\/1\/wp-json\/wp\/v2\/posts\/168252","targetHints":{"allow":["GET"]}}],"collection":[{"href":"https:\/\/www.caririemacao.com\/1\/wp-json\/wp\/v2\/posts"}],"about":[{"href":"https:\/\/www.caririemacao.com\/1\/wp-json\/wp\/v2\/types\/post"}],"author":[{"embeddable":true,"href":"https:\/\/www.caririemacao.com\/1\/wp-json\/wp\/v2\/users\/1"}],"replies":[{"embeddable":true,"href":"https:\/\/www.caririemacao.com\/1\/wp-json\/wp\/v2\/comments?post=168252"}],"version-history":[{"count":4,"href":"https:\/\/www.caririemacao.com\/1\/wp-json\/wp\/v2\/posts\/168252\/revisions"}],"predecessor-version":[{"id":168276,"href":"https:\/\/www.caririemacao.com\/1\/wp-json\/wp\/v2\/posts\/168252\/revisions\/168276"}],"wp:featuredmedia":[{"embeddable":true,"href":"https:\/\/www.caririemacao.com\/1\/wp-json\/wp\/v2\/media\/168266"}],"wp:attachment":[{"href":"https:\/\/www.caririemacao.com\/1\/wp-json\/wp\/v2\/media?parent=168252"}],"wp:term":[{"taxonomy":"category","embeddable":true,"href":"https:\/\/www.caririemacao.com\/1\/wp-json\/wp\/v2\/categories?post=168252"},{"taxonomy":"post_tag","embeddable":true,"href":"https:\/\/www.caririemacao.com\/1\/wp-json\/wp\/v2\/tags?post=168252"}],"curies":[{"name":"wp","href":"https:\/\/api.w.org\/{rel}","templated":true}]}}