{"id":168257,"date":"2020-05-08T13:05:19","date_gmt":"2020-05-08T16:05:19","guid":{"rendered":"https:\/\/www.caririemacao.com\/1\/?p=168257"},"modified":"2020-05-08T13:05:19","modified_gmt":"2020-05-08T16:05:19","slug":"universidades-publicas-da-paraiba-decidem-manter-suspensao-das-aulas","status":"publish","type":"post","link":"https:\/\/www.caririemacao.com\/1\/2020\/05\/08\/universidades-publicas-da-paraiba-decidem-manter-suspensao-das-aulas\/","title":{"rendered":"Universidades p\u00fablicas da Para\u00edba decidem manter suspens\u00e3o das aulas"},"content":{"rendered":"\n<p>Ap\u00f3s nova reuni\u00e3o realizada por videoconfer\u00eancia na manh\u00e3 desta sexta-feira (8), os gestores das institui\u00e7\u00f5es de ensino superior do Estado da Para\u00edba \u2013 UFCG, UEPB e IFPB \u2013 encaminharam a recomenda\u00e7\u00e3o de manter as suspens\u00f5es das atividades acad\u00eamicas at\u00e9 o dia 14 de junho, devido \u00e0 pandemia da Covid-19.<\/p>\n\n\n\n<p>Uma nova reuni\u00e3o para a avalia\u00e7\u00e3o do cen\u00e1rio ficou marcada para o dia 5 de junho.<\/p>\n\n\n\n<p>No caso das institui\u00e7\u00f5es particulares, elas seguir\u00e3o a Portaria 395\/2020 do MEC, que estabeleceu a substitui\u00e7\u00e3o das aulas presenciais por aulas em meios digitais at\u00e9 o dia 17 de maio e aguardam a pr\u00f3xima determina\u00e7\u00e3o do minist\u00e9rio sobre a quest\u00e3o.<\/p>\n","protected":false},"excerpt":{"rendered":"<p>Ap\u00f3s nova reuni\u00e3o realizada por videoconfer\u00eancia na manh\u00e3 desta sexta-feira (8), os gestores das institui\u00e7\u00f5es de ensino superior do Estado da Para\u00edba \u2013 UFCG, UEPB&hellip; <\/p>\n","protected":false},"author":2,"featured_media":168258,"comment_status":"closed","ping_status":"closed","sticky":false,"template":"","format":"standard","meta":{"sfsi_plus_gutenberg_text_before_share":"","sfsi_plus_gutenberg_show_text_before_share":"","sfsi_plus_gutenberg_icon_type":"","sfsi_plus_gutenberg_icon_alignemt":"","sfsi_plus_gutenburg_max_per_row":"","footnotes":""},"categories":[14],"tags":[],"class_list":["post-168257","post","type-post","status-publish","format-standard","has-post-thumbnail","hentry","category-educacao"],"_links":{"self":[{"href":"https:\/\/www.caririemacao.com\/1\/wp-json\/wp\/v2\/posts\/168257","targetHints":{"allow":["GET"]}}],"collection":[{"href":"https:\/\/www.caririemacao.com\/1\/wp-json\/wp\/v2\/posts"}],"about":[{"href":"https:\/\/www.caririemacao.com\/1\/wp-json\/wp\/v2\/types\/post"}],"author":[{"embeddable":true,"href":"https:\/\/www.caririemacao.com\/1\/wp-json\/wp\/v2\/users\/2"}],"replies":[{"embeddable":true,"href":"https:\/\/www.caririemacao.com\/1\/wp-json\/wp\/v2\/comments?post=168257"}],"version-history":[{"count":1,"href":"https:\/\/www.caririemacao.com\/1\/wp-json\/wp\/v2\/posts\/168257\/revisions"}],"predecessor-version":[{"id":168259,"href":"https:\/\/www.caririemacao.com\/1\/wp-json\/wp\/v2\/posts\/168257\/revisions\/168259"}],"wp:featuredmedia":[{"embeddable":true,"href":"https:\/\/www.caririemacao.com\/1\/wp-json\/wp\/v2\/media\/168258"}],"wp:attachment":[{"href":"https:\/\/www.caririemacao.com\/1\/wp-json\/wp\/v2\/media?parent=168257"}],"wp:term":[{"taxonomy":"category","embeddable":true,"href":"https:\/\/www.caririemacao.com\/1\/wp-json\/wp\/v2\/categories?post=168257"},{"taxonomy":"post_tag","embeddable":true,"href":"https:\/\/www.caririemacao.com\/1\/wp-json\/wp\/v2\/tags?post=168257"}],"curies":[{"name":"wp","href":"https:\/\/api.w.org\/{rel}","templated":true}]}}