{"id":168262,"date":"2020-05-08T13:16:04","date_gmt":"2020-05-08T16:16:04","guid":{"rendered":"https:\/\/www.caririemacao.com\/1\/?p=168262"},"modified":"2020-05-08T13:16:04","modified_gmt":"2020-05-08T16:16:04","slug":"auxilio-emergencial-governo-ainda-esta-checando-8-milhoes-de-solicitacoes","status":"publish","type":"post","link":"https:\/\/www.caririemacao.com\/1\/2020\/05\/08\/auxilio-emergencial-governo-ainda-esta-checando-8-milhoes-de-solicitacoes\/","title":{"rendered":"Aux\u00edlio emergencial: governo ainda est\u00e1 checando 8 milh\u00f5es de solicita\u00e7\u00f5es"},"content":{"rendered":"\n<p>O pagamento da segunda parcela ser\u00e1 feito na pr\u00f3xima semana, no entanto muitos ainda\u00a0n\u00e3o receberam a primeira parte do aux\u00edlio, que pode pagar at\u00e9 R$ 1.200, no caso de m\u00e3es chefes de fam\u00edlia.<\/p>\n\n\n\n<p>Segundo o ministro da Cidadania, Onyx Lorenzoni (foto), na semana que vem ser\u00e1 conclu\u00edda a an\u00e1lise de 17 milh\u00f5es de pedidos, incluindo os de rean\u00e1lises.<\/p>\n\n\n\n<p>A expectativa do ministro \u00e9 de que 6 milh\u00f5es a 8 milh\u00f5es sejam eleg\u00edveis e, at\u00e9 segunda (11), 99% da primeira etapa esteja conclu\u00edda.<\/p>\n\n\n\n<p>A Dataprev, empresa de dados respons\u00e1vel pela checagem das informa\u00e7\u00f5es do trabalhador, afirma que, at\u00e9 domingo (10), vai finalizar o processamento dos requerimentos apresentados entre os dias 23 e 30 de abril.<\/p>\n\n\n\n<p>Ap\u00f3s a libera\u00e7\u00e3o, o pagamento da parcela \u00e9 feito pela Caixa ao benefici\u00e1rio em at\u00e9 tr\u00eas dias.<\/p>\n\n\n\n<p>O ministro garante que todos os que tiverem direito ao benef\u00edcio, mesmo que ainda n\u00e3o tenham se candidatado, v\u00e3o receber as tr\u00eas parcelas. O prazo para pedir o aux\u00edlio emergencial termina em 2 de julho.<\/p>\n\n\n\n<p>\u201d Quem eventualmente teve qualquer problema e n\u00e3o recebeu, fique tranquilo. Determina\u00e7\u00e3o do presidente e da lei \u00e9 que as tr\u00eas parcelas est\u00e3o garantidas para todos\u201d, afirmou o ministro.<\/p>\n\n\n\n<p>NOVA CHANCE<br>Trabalhadores que preencheram dados errados ou deixaram de preencher tiveram o cadastro analisado como \u201cinconclusivo\u201d, ou seja, pelos dados informados por esses trabalhadores, o governo federal n\u00e3o chegou a uma conclus\u00e3o se eles t\u00eam ou n\u00e3o o direito de receber o aux\u00edlio emergencial.<\/p>\n\n\n\n<p>Neste caso, \u00e9 poss\u00edvel fazer outro pedido, pelos mesmos canais da Caixa ou pelo novo site, do Dataprev, e tentar novamente ser aprovado para o benef\u00edcio.<br>Quem est\u00e1 no Cad\u00danico e foi reprovado para o aux\u00edlio emergencial tamb\u00e9m pode fazer a solicita\u00e7\u00e3o e tentar receber as tr\u00eas parcelas do benef\u00edcio federal.<\/p>\n\n\n\n<p>Como acompanhar seu pedido:<\/p>\n\n\n\n<p>O trabalhador pode acompanhar seu pedido pelo:<\/p>\n\n\n\n<p>\u2013 Aplicativo CAIXA Aux\u00edlio Emergencial<br>\u2013 Site:&nbsp;<a href=\"http:\/\/auxilio.caixa.gov.br\/\" target=\"_blank\" rel=\"noreferrer noopener\">auxilio.caixa.gov.br<\/a><br>\u2013 Telefone 111<br>\u2013 Site&nbsp;<a href=\"https:\/\/consultaauxilio.dataprev.gov.br\/\" target=\"_blank\" rel=\"noreferrer noopener\">https:\/\/consultaauxilio.dataprev.gov.br<\/a><\/p>\n","protected":false},"excerpt":{"rendered":"<p>O pagamento da segunda parcela ser\u00e1 feito na pr\u00f3xima semana, no entanto muitos ainda\u00a0n\u00e3o receberam a primeira parte do aux\u00edlio, que pode pagar at\u00e9 R$&hellip; <\/p>\n","protected":false},"author":2,"featured_media":167416,"comment_status":"closed","ping_status":"closed","sticky":false,"template":"","format":"standard","meta":{"sfsi_plus_gutenberg_text_before_share":"","sfsi_plus_gutenberg_show_text_before_share":"","sfsi_plus_gutenberg_icon_type":"","sfsi_plus_gutenberg_icon_alignemt":"","sfsi_plus_gutenburg_max_per_row":"","footnotes":""},"categories":[2],"tags":[],"class_list":["post-168262","post","type-post","status-publish","format-standard","has-post-thumbnail","hentry","category-geral"],"_links":{"self":[{"href":"https:\/\/www.caririemacao.com\/1\/wp-json\/wp\/v2\/posts\/168262","targetHints":{"allow":["GET"]}}],"collection":[{"href":"https:\/\/www.caririemacao.com\/1\/wp-json\/wp\/v2\/posts"}],"about":[{"href":"https:\/\/www.caririemacao.com\/1\/wp-json\/wp\/v2\/types\/post"}],"author":[{"embeddable":true,"href":"https:\/\/www.caririemacao.com\/1\/wp-json\/wp\/v2\/users\/2"}],"replies":[{"embeddable":true,"href":"https:\/\/www.caririemacao.com\/1\/wp-json\/wp\/v2\/comments?post=168262"}],"version-history":[{"count":1,"href":"https:\/\/www.caririemacao.com\/1\/wp-json\/wp\/v2\/posts\/168262\/revisions"}],"predecessor-version":[{"id":168263,"href":"https:\/\/www.caririemacao.com\/1\/wp-json\/wp\/v2\/posts\/168262\/revisions\/168263"}],"wp:featuredmedia":[{"embeddable":true,"href":"https:\/\/www.caririemacao.com\/1\/wp-json\/wp\/v2\/media\/167416"}],"wp:attachment":[{"href":"https:\/\/www.caririemacao.com\/1\/wp-json\/wp\/v2\/media?parent=168262"}],"wp:term":[{"taxonomy":"category","embeddable":true,"href":"https:\/\/www.caririemacao.com\/1\/wp-json\/wp\/v2\/categories?post=168262"},{"taxonomy":"post_tag","embeddable":true,"href":"https:\/\/www.caririemacao.com\/1\/wp-json\/wp\/v2\/tags?post=168262"}],"curies":[{"name":"wp","href":"https:\/\/api.w.org\/{rel}","templated":true}]}}