{"id":168267,"date":"2020-05-08T13:32:26","date_gmt":"2020-05-08T16:32:26","guid":{"rendered":"https:\/\/www.caririemacao.com\/1\/?p=168267"},"modified":"2020-05-08T13:32:26","modified_gmt":"2020-05-08T16:32:26","slug":"auxilio-emergencial-agencias-dos-correios-ajudarao-no-cadastramento","status":"publish","type":"post","link":"https:\/\/www.caririemacao.com\/1\/2020\/05\/08\/auxilio-emergencial-agencias-dos-correios-ajudarao-no-cadastramento\/","title":{"rendered":"Aux\u00edlio emergencial: ag\u00eancias dos Correios ajudar\u00e3o no cadastramento"},"content":{"rendered":"\n<h1 class=\"wp-block-heading\"><\/h1>\n\n\n\n<p>O ministro Onyx Lorenzoni (Cidadania) participou de debate com congressistas nesta quinta-feira (7) e foi questionado sobre as longas fila de espera nas ag\u00eancias da Caixa, que libera o pagamento de R$ 600 a trabalhadores informais, microempreendedores individuais (MEIs) e desempregados.<\/p>\n\n\n\n<p>Para o ministro, a demora no atendimento nas ag\u00eancias j\u00e1 est\u00e1 sendo resolvida e as \u201cfilas est\u00e3o em pontos residuais\u201d do pa\u00eds. Deputados e senadores, por\u00e9m, insistiram na necessidade de medidas para reduzir a espera, constatada, especialmente, nas grandes cidades.<\/p>\n\n\n\n<p>Lorenzoni, ent\u00e3o, informou que est\u00e1 trabalhando num acordo com os Correios para que a estatal atue no processo de registro das pessoas e verifica\u00e7\u00e3o de dados, o que aceleraria o atendimento e libera\u00e7\u00e3o do aux\u00edlio emergencial.<\/p>\n\n\n\n<p>\u201cExatamente para facilitar e ajudar as pessoas a fazerem o cadastramento, revisar os dados que n\u00e3o est\u00e3o corretos\u201d, disse o ministro sobre os servi\u00e7os que poder\u00e3o ser feitos nas ag\u00eancias dos Correios.<\/p>\n\n\n\n<p>\u00c0 tarde, Onyx Lorenzoni afirmou que o martelo sobre o uso das ag\u00eancias dos Correios ser\u00e1 batido em reuni\u00e3o nesta sexta-feira (8), j\u00e1 que a decis\u00e3o precisa ser colegiada. Pela previs\u00e3o do ministro, ser\u00e1 poss\u00edvel ir \u00e0s ag\u00eancias j\u00e1 na semana que vem.<\/p>\n\n\n\n<p>\u201cO que vai acontecer na pr\u00f3xima semana \u00e9 que as pessoas que precisam de aux\u00edlio para fazer ou refazer seu cadastramento e tiverem alguma dificuldade v\u00e3o ter um novo canal. L\u00e1 n\u00e3o \u00e9 o lugar para receber o dinheiro\u201d, disse Lorenzoni.<\/p>\n\n\n\n<p>Balan\u00e7o divulgado pelo governo na semana passada mostrou que houve mais de 97 milh\u00f5es de cadastros. Desse total, mais de 50 milh\u00f5es foram aprovados e considerados aptos a receber o dinheiro.<\/p>\n\n\n\n<p>Cerca de 33 milh\u00f5es de pessoas foram descartadas por n\u00e3o preencherem os requisitos. Al\u00e9m disso, h\u00e1 13,7 milh\u00f5es de cadastros considerados inconclusivos, ou seja, h\u00e1 necessidade de envio de mais documentos e informa\u00e7\u00f5es.<\/p>\n\n\n\n<p>Segundo a Caixa, foram liberados R$ 35,5 bilh\u00f5es para o pagamento do benef\u00edcio a 50 milh\u00f5es de pessoas. No entanto, nem todos j\u00e1 receberam a ajuda financeira prometida pelo governo por causa da crise econ\u00f4mica causada pela Covid-19.<\/p>\n\n\n\n<p>Questionado sobre a possibilidade de prorroga\u00e7\u00e3o do programa para mais de tr\u00eas meses, o ministro afirmou que o assunto ainda est\u00e1 em avalia\u00e7\u00e3o pela equipe do presidente Jair Bolsonaro (sem partido).<\/p>\n\n\n\n<p>Bolsonaro ainda n\u00e3o sancionou um projeto aprovado pelo Congresso que prev\u00ea a amplia\u00e7\u00e3o das categorias com direito ao benef\u00edcio emergencial. Lorenzoni foi cobrado pelos parlamentares e prometeu que a medida ser\u00e1 sancionada em breve, mas n\u00e3o deu um prazo.<\/p>\n\n\n\n<p>No fim de abril, o presidente declarou que n\u00e3o pretende ampliar para outras categorias o aux\u00edlio emergencial de R$ 600 durante o estado de calamidade decretado pela pandemia.<\/p>\n\n\n\n<p>Dados do Minist\u00e9rio da Economia indicam um aumento de R$ 10 bilh\u00f5es no custo do programa caso o governo estenda as categorias inclu\u00eddas no programa, como agricultores familiares e pescadores artesanais.<\/p>\n\n\n\n<p>O projeto ainda permite a pais que criam filhos sozinhos, e n\u00e3o apenas m\u00e3es, receberem o aux\u00edlio em dobro (ou seja, R$ 1.200), al\u00e9m de prever que a m\u00e3e trabalhadora informal menor de 18 anos possa receber os recursos.<\/p>\n","protected":false},"excerpt":{"rendered":"<p>O ministro Onyx Lorenzoni (Cidadania) participou de debate com congressistas nesta quinta-feira (7) e foi questionado sobre as longas fila de espera nas ag\u00eancias da&hellip; <\/p>\n","protected":false},"author":2,"featured_media":168269,"comment_status":"closed","ping_status":"closed","sticky":false,"template":"","format":"standard","meta":{"sfsi_plus_gutenberg_text_before_share":"","sfsi_plus_gutenberg_show_text_before_share":"","sfsi_plus_gutenberg_icon_type":"","sfsi_plus_gutenberg_icon_alignemt":"","sfsi_plus_gutenburg_max_per_row":"","footnotes":""},"categories":[2],"tags":[],"class_list":["post-168267","post","type-post","status-publish","format-standard","has-post-thumbnail","hentry","category-geral"],"_links":{"self":[{"href":"https:\/\/www.caririemacao.com\/1\/wp-json\/wp\/v2\/posts\/168267","targetHints":{"allow":["GET"]}}],"collection":[{"href":"https:\/\/www.caririemacao.com\/1\/wp-json\/wp\/v2\/posts"}],"about":[{"href":"https:\/\/www.caririemacao.com\/1\/wp-json\/wp\/v2\/types\/post"}],"author":[{"embeddable":true,"href":"https:\/\/www.caririemacao.com\/1\/wp-json\/wp\/v2\/users\/2"}],"replies":[{"embeddable":true,"href":"https:\/\/www.caririemacao.com\/1\/wp-json\/wp\/v2\/comments?post=168267"}],"version-history":[{"count":1,"href":"https:\/\/www.caririemacao.com\/1\/wp-json\/wp\/v2\/posts\/168267\/revisions"}],"predecessor-version":[{"id":168270,"href":"https:\/\/www.caririemacao.com\/1\/wp-json\/wp\/v2\/posts\/168267\/revisions\/168270"}],"wp:featuredmedia":[{"embeddable":true,"href":"https:\/\/www.caririemacao.com\/1\/wp-json\/wp\/v2\/media\/168269"}],"wp:attachment":[{"href":"https:\/\/www.caririemacao.com\/1\/wp-json\/wp\/v2\/media?parent=168267"}],"wp:term":[{"taxonomy":"category","embeddable":true,"href":"https:\/\/www.caririemacao.com\/1\/wp-json\/wp\/v2\/categories?post=168267"},{"taxonomy":"post_tag","embeddable":true,"href":"https:\/\/www.caririemacao.com\/1\/wp-json\/wp\/v2\/tags?post=168267"}],"curies":[{"name":"wp","href":"https:\/\/api.w.org\/{rel}","templated":true}]}}