{"id":168272,"date":"2020-05-08T13:36:40","date_gmt":"2020-05-08T16:36:40","guid":{"rendered":"https:\/\/www.caririemacao.com\/1\/?p=168272"},"modified":"2020-05-08T13:36:40","modified_gmt":"2020-05-08T16:36:40","slug":"procurador-geral-descarta-lockdown-em-todo-o-estado-da-paraiba","status":"publish","type":"post","link":"https:\/\/www.caririemacao.com\/1\/2020\/05\/08\/procurador-geral-descarta-lockdown-em-todo-o-estado-da-paraiba\/","title":{"rendered":"Procurador-geral descarta lockdown em todo o estado da Para\u00edba"},"content":{"rendered":"\n<h1 class=\"wp-block-heading\"><\/h1>\n\n\n\n<p>O procurador-geral da Para\u00edba, F\u00e1bio Andrade, descartou durante entrevista nessa quinta-feira (7), a ado\u00e7\u00e3o do sistema de lockdown no Estado.<\/p>\n\n\n\n<p>O lockdown \u00e9 uma medida de bloqueio total de uma regi\u00e3o imposta pelo Estado ou pela Justi\u00e7a mediante situa\u00e7\u00f5es extremas, a exemplo da pandemia do coronav\u00edrus.<\/p>\n\n\n\n<p>No Brasil, alguns estados j\u00e1 adotaram o lockdown porque a popula\u00e7\u00e3o n\u00e3o est\u00e1 cumprindo o isolamento social, uma das principais recomenda\u00e7\u00f5es dos \u00f3rg\u00e3os de sa\u00fade para evitar o cont\u00e1gio da Covid-19.<\/p>\n\n\n\n<p>Na Para\u00edba, apesar do crescente n\u00famero de infectados, o governo informou que n\u00e3o pretende implantar a medida e s\u00f3 o far\u00e1 se a popula\u00e7\u00e3o n\u00e3o cooperar.<\/p>\n\n\n\n<p>\u2013&nbsp; N\u00e3o tem condi\u00e7\u00f5es de adotar o lockdown no Estado todo. O pr\u00f3prio governador j\u00e1 disse em v\u00e1rias entrevistas que n\u00e3o v\u00ea necessidade. A regi\u00e3o metropolitana \u00e9 um caso que est\u00e1 sendo estudado pela Secretaria de Sa\u00fade, mas o Estado todo n\u00e3o tem como, pelo menos, nesse momento, n\u00e3o haver\u00e1. Futuramente, vai depender da popula\u00e7\u00e3o a ado\u00e7\u00e3o da medida, vai depender das pessoas respeitarem o isolamento \u2013 afirmou.<\/p>\n","protected":false},"excerpt":{"rendered":"<p>O procurador-geral da Para\u00edba, F\u00e1bio Andrade, descartou durante entrevista nessa quinta-feira (7), a ado\u00e7\u00e3o do sistema de lockdown no Estado. O lockdown \u00e9 uma medida&hellip; <\/p>\n","protected":false},"author":2,"featured_media":168273,"comment_status":"closed","ping_status":"closed","sticky":false,"template":"","format":"standard","meta":{"sfsi_plus_gutenberg_text_before_share":"","sfsi_plus_gutenberg_show_text_before_share":"","sfsi_plus_gutenberg_icon_type":"","sfsi_plus_gutenberg_icon_alignemt":"","sfsi_plus_gutenburg_max_per_row":"","footnotes":""},"categories":[2],"tags":[],"class_list":["post-168272","post","type-post","status-publish","format-standard","has-post-thumbnail","hentry","category-geral"],"_links":{"self":[{"href":"https:\/\/www.caririemacao.com\/1\/wp-json\/wp\/v2\/posts\/168272","targetHints":{"allow":["GET"]}}],"collection":[{"href":"https:\/\/www.caririemacao.com\/1\/wp-json\/wp\/v2\/posts"}],"about":[{"href":"https:\/\/www.caririemacao.com\/1\/wp-json\/wp\/v2\/types\/post"}],"author":[{"embeddable":true,"href":"https:\/\/www.caririemacao.com\/1\/wp-json\/wp\/v2\/users\/2"}],"replies":[{"embeddable":true,"href":"https:\/\/www.caririemacao.com\/1\/wp-json\/wp\/v2\/comments?post=168272"}],"version-history":[{"count":1,"href":"https:\/\/www.caririemacao.com\/1\/wp-json\/wp\/v2\/posts\/168272\/revisions"}],"predecessor-version":[{"id":168274,"href":"https:\/\/www.caririemacao.com\/1\/wp-json\/wp\/v2\/posts\/168272\/revisions\/168274"}],"wp:featuredmedia":[{"embeddable":true,"href":"https:\/\/www.caririemacao.com\/1\/wp-json\/wp\/v2\/media\/168273"}],"wp:attachment":[{"href":"https:\/\/www.caririemacao.com\/1\/wp-json\/wp\/v2\/media?parent=168272"}],"wp:term":[{"taxonomy":"category","embeddable":true,"href":"https:\/\/www.caririemacao.com\/1\/wp-json\/wp\/v2\/categories?post=168272"},{"taxonomy":"post_tag","embeddable":true,"href":"https:\/\/www.caririemacao.com\/1\/wp-json\/wp\/v2\/tags?post=168272"}],"curies":[{"name":"wp","href":"https:\/\/api.w.org\/{rel}","templated":true}]}}